{"id":27190,"date":"2023-03-15T12:58:53","date_gmt":"2023-03-15T10:58:53","guid":{"rendered":"https:\/\/www.aosr.ro\/launch-of-the-book-my-youth-by-ioan-iovitz-popescu\/"},"modified":"2023-03-15T13:20:45","modified_gmt":"2023-03-15T11:20:45","slug":"launch-of-the-book-my-youth-by-ioan-iovitz-popescu","status":"publish","type":"post","link":"https:\/\/www.aosr.ro\/en\/launch-of-the-book-my-youth-by-ioan-iovitz-popescu\/","title":{"rendered":"Launch of the book &#8220;My Youth&#8221; by Ioan-Iovitz Popescu"},"content":{"rendered":"\n<p><strong>The Literary Circle &#8220;Mihai Eminescu&#8221; and the magazine Lumin\u0103 Lin\u0103 from New York (Director Theodor Damian)<\/strong>invite <strong>you<\/strong>on Sunday, <strong>March 12, 2023<\/strong>, to the launch of the book <strong>Tinere\u021bea mea<\/strong> by <strong>Ioan-Iovitz Popescu.<\/strong><\/p>\n<p>Professors <strong>Theodor Damian, Victoria Plaveti, Doru Tsaganea and Valentina Ciaprazi<\/strong> will present the book.<\/p>\n<p><em>Reception to follow &#8211; We look forward to seeing you!<br><\/em>The event will take place at the Church &#8220;St. Ap. Peter and Paul \u201din Astoria, New York (27 Ave with 14th Street, Astoria) after St. Jobs.<\/p>\n\n<div class=\"wp-block-image\"><figure class=\"aligncenter size-large\"><img loading=\"lazy\" decoding=\"async\" width=\"791\" height=\"1024\" src=\"https:\/\/www.aosr.ro\/wp-content\/uploads\/2023\/03\/2023-12-mar-cenaclu-Ioan-Iovitz-Popescu-791x1024.jpg\" alt=\"\" class=\"wp-image-27184\" srcset=\"https:\/\/www.aosr.ro\/wp-content\/uploads\/2023\/03\/2023-12-mar-cenaclu-Ioan-Iovitz-Popescu-791x1024.jpg 791w, https:\/\/www.aosr.ro\/wp-content\/uploads\/2023\/03\/2023-12-mar-cenaclu-Ioan-Iovitz-Popescu-232x300.jpg 232w, https:\/\/www.aosr.ro\/wp-content\/uploads\/2023\/03\/2023-12-mar-cenaclu-Ioan-Iovitz-Popescu-116x150.jpg 116w, https:\/\/www.aosr.ro\/wp-content\/uploads\/2023\/03\/2023-12-mar-cenaclu-Ioan-Iovitz-Popescu-768x994.jpg 768w, https:\/\/www.aosr.ro\/wp-content\/uploads\/2023\/03\/2023-12-mar-cenaclu-Ioan-Iovitz-Popescu-1187x1536.jpg 1187w, https:\/\/www.aosr.ro\/wp-content\/uploads\/2023\/03\/2023-12-mar-cenaclu-Ioan-Iovitz-Popescu-1583x2048.jpg 1583w, https:\/\/www.aosr.ro\/wp-content\/uploads\/2023\/03\/2023-12-mar-cenaclu-Ioan-Iovitz-Popescu-150x194.jpg 150w, https:\/\/www.aosr.ro\/wp-content\/uploads\/2023\/03\/2023-12-mar-cenaclu-Ioan-Iovitz-Popescu-300x388.jpg 300w, https:\/\/www.aosr.ro\/wp-content\/uploads\/2023\/03\/2023-12-mar-cenaclu-Ioan-Iovitz-Popescu-696x901.jpg 696w, https:\/\/www.aosr.ro\/wp-content\/uploads\/2023\/03\/2023-12-mar-cenaclu-Ioan-Iovitz-Popescu-1068x1382.jpg 1068w, https:\/\/www.aosr.ro\/wp-content\/uploads\/2023\/03\/2023-12-mar-cenaclu-Ioan-Iovitz-Popescu.jpg 1870w\" sizes=\"auto, (max-width: 791px) 100vw, 791px\" \/><\/figure><\/div>\n","protected":false},"excerpt":{"rendered":"<p>The Literary Circle &#8220;Mihai Eminescu&#8221; and the magazine Lumin\u0103 Lin\u0103 from New York (Director Theodor Damian)invite youon Sunday, March 12, 2023, to the launch of the book Tinere\u021bea mea by Ioan-Iovitz Popescu. Professors Theodor Damian, Victoria Plaveti, Doru Tsaganea and Valentina Ciaprazi will present the book. Reception to follow &#8211; We look forward to seeing [&hellip;]<\/p>\n","protected":false},"author":1,"featured_media":27186,"comment_status":"closed","ping_status":"closed","sticky":false,"template":"","format":"standard","meta":{"inline_featured_image":false,"footnotes":""},"categories":[574],"tags":[1754,1755],"class_list":{"0":"post-27190","1":"post","2":"type-post","3":"status-publish","4":"format-standard","5":"has-post-thumbnail","7":"category-event","8":"tag-ioan-iovitz-popescu-en","9":"tag-aosr-new-york-branch"},"yoast_head":"<!-- This site is optimized with the Yoast SEO plugin v27.0 - https:\/\/yoast.com\/product\/yoast-seo-wordpress\/ -->\n<title>Launch of the book &quot;My Youth&quot; by Ioan-Iovitz Popescu - The Academy of Romanian Scientists<\/title>\n<meta name=\"robots\" content=\"index, follow, max-snippet:-1, max-image-preview:large, max-video-preview:-1\" \/>\n<link rel=\"canonical\" href=\"https:\/\/www.aosr.ro\/en\/launch-of-the-book-my-youth-by-ioan-iovitz-popescu\/\" \/>\n<meta property=\"og:locale\" content=\"en_US\" \/>\n<meta property=\"og:type\" content=\"article\" \/>\n<meta property=\"og:title\" content=\"Launch of the book &quot;My Youth&quot; by Ioan-Iovitz Popescu - The Academy of Romanian Scientists\" \/>\n<meta property=\"og:description\" content=\"The Literary Circle &#8220;Mihai Eminescu&#8221; and the magazine Lumin\u0103 Lin\u0103 from New York (Director Theodor Damian)invite youon Sunday, March 12, 2023, to the launch of the book Tinere\u021bea mea by Ioan-Iovitz Popescu. Professors Theodor Damian, Victoria Plaveti, Doru Tsaganea and Valentina Ciaprazi will present the book. Reception to follow &#8211; We look forward to seeing [&hellip;]\" \/>\n<meta property=\"og:url\" content=\"https:\/\/www.aosr.ro\/en\/launch-of-the-book-my-youth-by-ioan-iovitz-popescu\/\" \/>\n<meta property=\"og:site_name\" content=\"The Academy of Romanian Scientists\" \/>\n<meta property=\"article:author\" content=\"http:\/\/www.facebook.com\/aosromania\" \/>\n<meta property=\"article:published_time\" content=\"2023-03-15T10:58:53+00:00\" \/>\n<meta property=\"article:modified_time\" content=\"2023-03-15T11:20:45+00:00\" \/>\n<meta property=\"og:image\" content=\"https:\/\/www.aosr.ro\/wp-content\/uploads\/2023\/03\/thumb-Tineretea-mea.jpg\" \/>\n\t<meta property=\"og:image:width\" content=\"912\" \/>\n\t<meta property=\"og:image:height\" content=\"513\" \/>\n\t<meta property=\"og:image:type\" content=\"image\/jpeg\" \/>\n<meta name=\"author\" content=\"aosradmin\" \/>\n<meta name=\"twitter:card\" content=\"summary_large_image\" \/>\n<meta name=\"twitter:label1\" content=\"Written by\" \/>\n\t<meta name=\"twitter:data1\" content=\"aosradmin\" \/>\n<script type=\"application\/ld+json\" class=\"yoast-schema-graph\">{\"@context\":\"https:\/\/schema.org\",\"@graph\":[{\"@type\":\"Article\",\"@id\":\"https:\/\/www.aosr.ro\/en\/launch-of-the-book-my-youth-by-ioan-iovitz-popescu\/#article\",\"isPartOf\":{\"@id\":\"https:\/\/www.aosr.ro\/en\/launch-of-the-book-my-youth-by-ioan-iovitz-popescu\/\"},\"author\":{\"name\":\"aosradmin\",\"@id\":\"\/#\/schema\/person\/11854d41ef0fc115a9ccb416cb81d117\"},\"headline\":\"Launch of the book &#8220;My Youth&#8221; by Ioan-Iovitz Popescu\",\"datePublished\":\"2023-03-15T10:58:53+00:00\",\"dateModified\":\"2023-03-15T11:20:45+00:00\",\"mainEntityOfPage\":{\"@id\":\"https:\/\/www.aosr.ro\/en\/launch-of-the-book-my-youth-by-ioan-iovitz-popescu\/\"},\"wordCount\":90,\"image\":{\"@id\":\"https:\/\/www.aosr.ro\/en\/launch-of-the-book-my-youth-by-ioan-iovitz-popescu\/#primaryimage\"},\"thumbnailUrl\":\"https:\/\/www.aosr.ro\/wp-content\/uploads\/2023\/03\/thumb-Tineretea-mea.jpg\",\"keywords\":[\"ioan iovitz popescu\",\"aosr new york branch\"],\"articleSection\":[\"Events\"],\"inLanguage\":\"en-US\"},{\"@type\":\"WebPage\",\"@id\":\"https:\/\/www.aosr.ro\/en\/launch-of-the-book-my-youth-by-ioan-iovitz-popescu\/\",\"url\":\"https:\/\/www.aosr.ro\/en\/launch-of-the-book-my-youth-by-ioan-iovitz-popescu\/\",\"name\":\"Launch of the book \\\"My Youth\\\" by Ioan-Iovitz Popescu - The Academy of Romanian Scientists\",\"isPartOf\":{\"@id\":\"\/#website\"},\"primaryImageOfPage\":{\"@id\":\"https:\/\/www.aosr.ro\/en\/launch-of-the-book-my-youth-by-ioan-iovitz-popescu\/#primaryimage\"},\"image\":{\"@id\":\"https:\/\/www.aosr.ro\/en\/launch-of-the-book-my-youth-by-ioan-iovitz-popescu\/#primaryimage\"},\"thumbnailUrl\":\"https:\/\/www.aosr.ro\/wp-content\/uploads\/2023\/03\/thumb-Tineretea-mea.jpg\",\"datePublished\":\"2023-03-15T10:58:53+00:00\",\"dateModified\":\"2023-03-15T11:20:45+00:00\",\"author\":{\"@id\":\"\/#\/schema\/person\/11854d41ef0fc115a9ccb416cb81d117\"},\"breadcrumb\":{\"@id\":\"https:\/\/www.aosr.ro\/en\/launch-of-the-book-my-youth-by-ioan-iovitz-popescu\/#breadcrumb\"},\"inLanguage\":\"en-US\",\"potentialAction\":[{\"@type\":\"ReadAction\",\"target\":[\"https:\/\/www.aosr.ro\/en\/launch-of-the-book-my-youth-by-ioan-iovitz-popescu\/\"]}]},{\"@type\":\"ImageObject\",\"inLanguage\":\"en-US\",\"@id\":\"https:\/\/www.aosr.ro\/en\/launch-of-the-book-my-youth-by-ioan-iovitz-popescu\/#primaryimage\",\"url\":\"https:\/\/www.aosr.ro\/wp-content\/uploads\/2023\/03\/thumb-Tineretea-mea.jpg\",\"contentUrl\":\"https:\/\/www.aosr.ro\/wp-content\/uploads\/2023\/03\/thumb-Tineretea-mea.jpg\",\"width\":912,\"height\":513},{\"@type\":\"BreadcrumbList\",\"@id\":\"https:\/\/www.aosr.ro\/en\/launch-of-the-book-my-youth-by-ioan-iovitz-popescu\/#breadcrumb\",\"itemListElement\":[{\"@type\":\"ListItem\",\"position\":1,\"name\":\"Home\",\"item\":\"https:\/\/www.aosr.ro\/en\/\"},{\"@type\":\"ListItem\",\"position\":2,\"name\":\"Launch of the book &#8220;My Youth&#8221; by Ioan-Iovitz Popescu\"}]},{\"@type\":\"WebSite\",\"@id\":\"\/#website\",\"url\":\"\/\",\"name\":\"The Academy of Romanian Scientists\",\"description\":\"The Academy of Romanian Scientists | Official website of AOSR\",\"potentialAction\":[{\"@type\":\"SearchAction\",\"target\":{\"@type\":\"EntryPoint\",\"urlTemplate\":\"\/?s={search_term_string}\"},\"query-input\":{\"@type\":\"PropertyValueSpecification\",\"valueRequired\":true,\"valueName\":\"search_term_string\"}}],\"inLanguage\":\"en-US\"},{\"@type\":\"Person\",\"@id\":\"\/#\/schema\/person\/11854d41ef0fc115a9ccb416cb81d117\",\"name\":\"aosradmin\",\"description\":\"Academia Oamenilor de \u0218tiin\u021b\u0103 din Rom\u00e2nia este continuatorul \u0219i unicul legatar al Academiei de \u0218tiinte din Rom\u00e2nia (1935 \u2013 1948) \u0219i al Asocia\u021biei Oamenilor de \u0218tiin\u021b\u0103 din Rom\u00e2nia \u00eenfiin\u021bat\u0103 prin HCM nr. 1012\/30 mai 1956, care \u00een 1996 \u0219i-a schimbat titulatura \u00een Academia Oamenilor de \u0218tiin\u021b\u0103 din Rom\u00e2nia. \u00cen anul 2007 a fost adoptat\u0103 Legea nr. 31-15 ianuarie 2007 privind reorganizarea \u0219i func\u0163ionarea AOSR. Printre membrii de onoare ai ASR s-au num\u0103rat urm\u0103torii laurea\u021bi ai premiului Nobel (conform Buletinului nr 11 din 1943 al ASR): Louis de Broglie, Jean Perrin (fizicieni francezi), Max Born, Werner-Karl Heisenberg (fizicieni germani), Paul Sabatier (chimist francez), Hans Fischer , Friedrich Bergius (chimisti germani), Paul Karrer (chimist elve\u0163ian) \u015fi George Emil Palade (medic rom\u00e2n ), membru al AOSR. Conform evalu\u0103rii institu\u021bionale Scimago\/ ELSEVIER , bazat\u0103 pe vizibilitatea \u0219tiin\u021bific\u0103 interna\u021bional\u0103 a membrilor s\u0103i, AOSR ocup\u0103 locul 22\/Romania \u0219i 775\/lume \u00een clasamentul institu\u021biilor de cercetare \u0219i \u00eenv\u0103\u021b\u0103m\u00e2nt superior.\",\"sameAs\":[\"https:\/\/www.aosr.ro\",\"http:\/\/www.facebook.com\/aosromania\"],\"url\":\"https:\/\/www.aosr.ro\/en\/author\/aosradmin\/\"}]}<\/script>\n<!-- \/ Yoast SEO plugin. -->","yoast_head_json":{"title":"Launch of the book \"My Youth\" by Ioan-Iovitz Popescu - The Academy of Romanian Scientists","robots":{"index":"index","follow":"follow","max-snippet":"max-snippet:-1","max-image-preview":"max-image-preview:large","max-video-preview":"max-video-preview:-1"},"canonical":"https:\/\/www.aosr.ro\/en\/launch-of-the-book-my-youth-by-ioan-iovitz-popescu\/","og_locale":"en_US","og_type":"article","og_title":"Launch of the book \"My Youth\" by Ioan-Iovitz Popescu - The Academy of Romanian Scientists","og_description":"The Literary Circle &#8220;Mihai Eminescu&#8221; and the magazine Lumin\u0103 Lin\u0103 from New York (Director Theodor Damian)invite youon Sunday, March 12, 2023, to the launch of the book Tinere\u021bea mea by Ioan-Iovitz Popescu. Professors Theodor Damian, Victoria Plaveti, Doru Tsaganea and Valentina Ciaprazi will present the book. Reception to follow &#8211; We look forward to seeing [&hellip;]","og_url":"https:\/\/www.aosr.ro\/en\/launch-of-the-book-my-youth-by-ioan-iovitz-popescu\/","og_site_name":"The Academy of Romanian Scientists","article_author":"http:\/\/www.facebook.com\/aosromania","article_published_time":"2023-03-15T10:58:53+00:00","article_modified_time":"2023-03-15T11:20:45+00:00","og_image":[{"width":912,"height":513,"url":"https:\/\/www.aosr.ro\/wp-content\/uploads\/2023\/03\/thumb-Tineretea-mea.jpg","type":"image\/jpeg"}],"author":"aosradmin","twitter_card":"summary_large_image","twitter_misc":{"Written by":"aosradmin"},"schema":{"@context":"https:\/\/schema.org","@graph":[{"@type":"Article","@id":"https:\/\/www.aosr.ro\/en\/launch-of-the-book-my-youth-by-ioan-iovitz-popescu\/#article","isPartOf":{"@id":"https:\/\/www.aosr.ro\/en\/launch-of-the-book-my-youth-by-ioan-iovitz-popescu\/"},"author":{"name":"aosradmin","@id":"\/#\/schema\/person\/11854d41ef0fc115a9ccb416cb81d117"},"headline":"Launch of the book &#8220;My Youth&#8221; by Ioan-Iovitz Popescu","datePublished":"2023-03-15T10:58:53+00:00","dateModified":"2023-03-15T11:20:45+00:00","mainEntityOfPage":{"@id":"https:\/\/www.aosr.ro\/en\/launch-of-the-book-my-youth-by-ioan-iovitz-popescu\/"},"wordCount":90,"image":{"@id":"https:\/\/www.aosr.ro\/en\/launch-of-the-book-my-youth-by-ioan-iovitz-popescu\/#primaryimage"},"thumbnailUrl":"https:\/\/www.aosr.ro\/wp-content\/uploads\/2023\/03\/thumb-Tineretea-mea.jpg","keywords":["ioan iovitz popescu","aosr new york branch"],"articleSection":["Events"],"inLanguage":"en-US"},{"@type":"WebPage","@id":"https:\/\/www.aosr.ro\/en\/launch-of-the-book-my-youth-by-ioan-iovitz-popescu\/","url":"https:\/\/www.aosr.ro\/en\/launch-of-the-book-my-youth-by-ioan-iovitz-popescu\/","name":"Launch of the book \"My Youth\" by Ioan-Iovitz Popescu - The Academy of Romanian Scientists","isPartOf":{"@id":"\/#website"},"primaryImageOfPage":{"@id":"https:\/\/www.aosr.ro\/en\/launch-of-the-book-my-youth-by-ioan-iovitz-popescu\/#primaryimage"},"image":{"@id":"https:\/\/www.aosr.ro\/en\/launch-of-the-book-my-youth-by-ioan-iovitz-popescu\/#primaryimage"},"thumbnailUrl":"https:\/\/www.aosr.ro\/wp-content\/uploads\/2023\/03\/thumb-Tineretea-mea.jpg","datePublished":"2023-03-15T10:58:53+00:00","dateModified":"2023-03-15T11:20:45+00:00","author":{"@id":"\/#\/schema\/person\/11854d41ef0fc115a9ccb416cb81d117"},"breadcrumb":{"@id":"https:\/\/www.aosr.ro\/en\/launch-of-the-book-my-youth-by-ioan-iovitz-popescu\/#breadcrumb"},"inLanguage":"en-US","potentialAction":[{"@type":"ReadAction","target":["https:\/\/www.aosr.ro\/en\/launch-of-the-book-my-youth-by-ioan-iovitz-popescu\/"]}]},{"@type":"ImageObject","inLanguage":"en-US","@id":"https:\/\/www.aosr.ro\/en\/launch-of-the-book-my-youth-by-ioan-iovitz-popescu\/#primaryimage","url":"https:\/\/www.aosr.ro\/wp-content\/uploads\/2023\/03\/thumb-Tineretea-mea.jpg","contentUrl":"https:\/\/www.aosr.ro\/wp-content\/uploads\/2023\/03\/thumb-Tineretea-mea.jpg","width":912,"height":513},{"@type":"BreadcrumbList","@id":"https:\/\/www.aosr.ro\/en\/launch-of-the-book-my-youth-by-ioan-iovitz-popescu\/#breadcrumb","itemListElement":[{"@type":"ListItem","position":1,"name":"Home","item":"https:\/\/www.aosr.ro\/en\/"},{"@type":"ListItem","position":2,"name":"Launch of the book &#8220;My Youth&#8221; by Ioan-Iovitz Popescu"}]},{"@type":"WebSite","@id":"\/#website","url":"\/","name":"The Academy of Romanian Scientists","description":"The Academy of Romanian Scientists | Official website of AOSR","potentialAction":[{"@type":"SearchAction","target":{"@type":"EntryPoint","urlTemplate":"\/?s={search_term_string}"},"query-input":{"@type":"PropertyValueSpecification","valueRequired":true,"valueName":"search_term_string"}}],"inLanguage":"en-US"},{"@type":"Person","@id":"\/#\/schema\/person\/11854d41ef0fc115a9ccb416cb81d117","name":"aosradmin","description":"Academia Oamenilor de \u0218tiin\u021b\u0103 din Rom\u00e2nia este continuatorul \u0219i unicul legatar al Academiei de \u0218tiinte din Rom\u00e2nia (1935 \u2013 1948) \u0219i al Asocia\u021biei Oamenilor de \u0218tiin\u021b\u0103 din Rom\u00e2nia \u00eenfiin\u021bat\u0103 prin HCM nr. 1012\/30 mai 1956, care \u00een 1996 \u0219i-a schimbat titulatura \u00een Academia Oamenilor de \u0218tiin\u021b\u0103 din Rom\u00e2nia. \u00cen anul 2007 a fost adoptat\u0103 Legea nr. 31-15 ianuarie 2007 privind reorganizarea \u0219i func\u0163ionarea AOSR. Printre membrii de onoare ai ASR s-au num\u0103rat urm\u0103torii laurea\u021bi ai premiului Nobel (conform Buletinului nr 11 din 1943 al ASR): Louis de Broglie, Jean Perrin (fizicieni francezi), Max Born, Werner-Karl Heisenberg (fizicieni germani), Paul Sabatier (chimist francez), Hans Fischer , Friedrich Bergius (chimisti germani), Paul Karrer (chimist elve\u0163ian) \u015fi George Emil Palade (medic rom\u00e2n ), membru al AOSR. Conform evalu\u0103rii institu\u021bionale Scimago\/ ELSEVIER , bazat\u0103 pe vizibilitatea \u0219tiin\u021bific\u0103 interna\u021bional\u0103 a membrilor s\u0103i, AOSR ocup\u0103 locul 22\/Romania \u0219i 775\/lume \u00een clasamentul institu\u021biilor de cercetare \u0219i \u00eenv\u0103\u021b\u0103m\u00e2nt superior.","sameAs":["https:\/\/www.aosr.ro","http:\/\/www.facebook.com\/aosromania"],"url":"https:\/\/www.aosr.ro\/en\/author\/aosradmin\/"}]}},"_links":{"self":[{"href":"https:\/\/www.aosr.ro\/en\/wp-json\/wp\/v2\/posts\/27190","targetHints":{"allow":["GET"]}}],"collection":[{"href":"https:\/\/www.aosr.ro\/en\/wp-json\/wp\/v2\/posts"}],"about":[{"href":"https:\/\/www.aosr.ro\/en\/wp-json\/wp\/v2\/types\/post"}],"author":[{"embeddable":true,"href":"https:\/\/www.aosr.ro\/en\/wp-json\/wp\/v2\/users\/1"}],"replies":[{"embeddable":true,"href":"https:\/\/www.aosr.ro\/en\/wp-json\/wp\/v2\/comments?post=27190"}],"version-history":[{"count":3,"href":"https:\/\/www.aosr.ro\/en\/wp-json\/wp\/v2\/posts\/27190\/revisions"}],"predecessor-version":[{"id":27193,"href":"https:\/\/www.aosr.ro\/en\/wp-json\/wp\/v2\/posts\/27190\/revisions\/27193"}],"wp:featuredmedia":[{"embeddable":true,"href":"https:\/\/www.aosr.ro\/en\/wp-json\/wp\/v2\/media\/27186"}],"wp:attachment":[{"href":"https:\/\/www.aosr.ro\/en\/wp-json\/wp\/v2\/media?parent=27190"}],"wp:term":[{"taxonomy":"category","embeddable":true,"href":"https:\/\/www.aosr.ro\/en\/wp-json\/wp\/v2\/categories?post=27190"},{"taxonomy":"post_tag","embeddable":true,"href":"https:\/\/www.aosr.ro\/en\/wp-json\/wp\/v2\/tags?post=27190"}],"curies":[{"name":"wp","href":"https:\/\/api.w.org\/{rel}","templated":true}]}}