{"id":22078,"date":"2022-06-24T14:05:23","date_gmt":"2022-06-24T11:05:23","guid":{"rendered":"https:\/\/www.aosr.ro\/?p=22078"},"modified":"2022-06-24T14:06:30","modified_gmt":"2022-06-24T11:06:30","slug":"academia-oamenilor-de-stiinta-din-romania-celebreaza-ziua-drapelului-national","status":"publish","type":"post","link":"https:\/\/www.aosr.ro\/en\/academia-oamenilor-de-stiinta-din-romania-celebreaza-ziua-drapelului-national\/","title":{"rendered":"Academia Oamenilor de \u015etiin\u021b\u0103 din Rom\u00e2nia celebreaz\u0103 Ziua Drapelului Na\u021bional"},"content":{"rendered":"\n<p><strong>Academia Oamenilor de \u0218tiin\u021b\u0103 din Rom\u00e2nia<\/strong> celebreaz\u0103, \u00eempreun\u0103 cu \u00eentreaga na\u021biune rom\u00e2n\u0103, din \u021bar\u0103 \u0219i de peste hotare, <strong>Ziua Drapelului Na\u021bional<\/strong>, <strong>26 Iunie,<\/strong> o zi cu profunde semnifica\u021bii pentru istoria, prezentul \u0219i viitorul Rom\u00e2niei.<\/p>\n\n\n\n<p>Instituit\u0103 prin Legea Nr. 96 din 20 mai 1998, ziua de 26 iunie face trimitere la data de 14\/26 iunie 1848, care marcheaz\u0103 victoria Revolu\u021biei de la 1848 \u0219i instaurarea Guvernului provizoriu de la Bucure\u0219ti. Cu acest prilej, a fost promulgat Decretul nr. 1 de instituire a drapelului na\u021bional, Tricolorul \u2013 ro\u0219u, galben \u0219i albastru \u2013, ca simbol al tuturor rom\u00e2nilor. Data de 26 iunie consacrat\u0103 prin lege reliefeaz\u0103 <strong>importan\u021ba istoric\u0103 a unei zile situate la \u00eenceputul procesului de construc\u021bie a Rom\u00e2niei Moderne<\/strong>, odat\u0103 cu Revolu\u021bia de la 1848, cadrul european al na\u0219terii statelor na\u021bionale. \u00centr-o perspectiv\u0103 mai ampl\u0103 asupra istoriei, Ziua Drapelului Na\u021bional constituie un cadru al omagierii istoriei \u021b\u0103rii \u0219i eforturilor poporului rom\u00e2n \u00een direc\u021bia emancip\u0103rii politice \u0219i sociale, afirm\u0103rii identit\u0103\u021bii \u0219i con\u0219tiin\u021bei de neam, a unit\u0103\u021bii, libert\u0103\u021bii, independen\u021bei \u0219i demnit\u0103\u021bii na\u021bionale. Este un proces continuu, marcat de lupte, sacrificii \u0219i jertfe, desf\u0103\u0219urat sub faldurile Tricolorului. De-a lungul acestui proces, drapelul rom\u00e2nesc a devenit simbolul aspira\u021biei poporului rom\u00e2n spre afirmarea de sine pe scena istoriei, spre independen\u021b\u0103, progres \u0219i dezvoltare, <strong>semnul identit\u0103\u021bii na\u021bionale<\/strong> \u00een concertul na\u021biunilor Europei \u0219i ale lumii.<\/p>\n\n\n\n<p><\/p>\n\n\n\n<p><strong>Academia Oamenilor de \u0218tiin\u021b\u0103 din Rom\u00e2nia<\/strong> consider\u0103 c\u0103 <strong>celebrarea Drapelului na\u021bional <\/strong>constituie un mod de <strong>a comemora jertfa de s\u00e2nge a \u00eenainta\u0219ilor<\/strong>, de <strong>a omagia vizionarismul politic al elitelor<\/strong>, animate de spiritul con\u0219tiin\u021bei identitare \u0219i al patriotismului luminat, <strong>lupta poporului pentru \u00eenf\u0103ptuirea marilor idealuri na\u021bionale<\/strong>. Ast\u0103zi, \u00eentr-un prezent deconcertant, deseori haotic, sf\u00e2\u0219iat de contradic\u021bii \u0219i confuzii, \u00eentr-o perioad\u0103 de mari \u00eencerc\u0103ri pentru Europa \u0219i pentru lume, societatea rom\u00e2neasc\u0103 \u0219i, \u00een special, tinerele genera\u021bii au nevoie, mai mult dec\u00e2t oric\u00e2nd, de <strong>repere ferme<\/strong> ale evolu\u021biei. Un astfel de <strong>reper<\/strong>, care exprim\u0103 simbolic istoria, identitatea, aspira\u021biile \u0219i sensul devenirii na\u021biunii rom\u00e2ne, este <strong>Drapelul tricolor<\/strong>. Privit\u0103 din aceast\u0103 perspectiv\u0103, Ziua Drapelului Na\u021bional \u00ee\u0219i reveleaz\u0103 <strong>importan\u021ba special\u0103 pentru con\u0219tiin\u021ba \u0219i identitatea rom\u00e2neasc\u0103<\/strong> \u00een spa\u021biul european \u0219i global pentru prezentul \u021b\u0103rii, pentru evolu\u021bia ei \u00een continuitatea unei istorii a luptei, afirm\u0103rii \u0219i dezvolt\u0103rii.<\/p>\n\n\n\n<p>Cu prilejul Zilei Drapelului Na\u021bional, pre\u0219edintele <strong>Academiei Oamenilor de \u0218tiin\u021b\u0103 din Rom\u00e2nia, prof. univ. dr. ing. Adrian Badea<\/strong>, a declarat:\u201eZiua Drapelului Na\u021bional este o zi important\u0103 pentru Rom\u00e2nia \u0219i na\u021biunea rom\u00e2n\u0103. Ne bucur\u0103m c\u0103 aceast\u0103 zi a fost instituit\u0103 la ini\u021biativa unui membru al Academiei noastre, domnul col. dr. ing. Adrian Constantin, pre\u0219edintele Ordinului Militar de Rom\u00e2nia. Ziua Drapelului constituie un moment al comemor\u0103rii eroilor care s-au jertfit pentru \u021bar\u0103, al omagierii celor care au construit Rom\u00e2nia Modern\u0103 sub faldurile tricolore. \u00cen acela\u0219i timp \u00eens\u0103, este \u0219i un cadru al reflec\u021biei la identitatea noastr\u0103, la con\u0219tiin\u021ba de sine \u0219i de neam, la cine suntem azi \u0219i cine vom fi m\u00e2ine \u00een Europa \u0219i \u00een lume. Istoria drapelului rom\u00e2nesc, asociat\u0103 unei istorii deseori tragice, ne oblig\u0103 s\u0103 ne p\u0103str\u0103m \u0219i s\u0103 ne afirm\u0103m identitatea na\u021bional\u0103 \u00een concertul identit\u0103\u021bilor europene, s\u0103 construim cu viziune, demnitate \u0219i patriotism Rom\u00e2nia viitorului. Este o datorie moral\u0103 a noastr\u0103, a tuturor, fa\u021b\u0103 de \u00eenainta\u0219i \u0219i fa\u021b\u0103 de tinerii de azi, care reprezint\u0103 viitorul \u021b\u0103rii \u0219i pe care trebuie s\u0103-i educ\u0103m \u00een spiritul acestor valori fondatoare. Academia Oamenilor de \u0218tiin\u021b\u0103 din Rom\u00e2nia celebreaz\u0103 Ziua Drapelului Na\u021bional cu ad\u00e2nc\u0103 recuno\u0219tin\u021b\u0103 fa\u021b\u0103 de un trecut de jertfe \u0219i glorii \u0219i cu un profund sentiment al responsabilit\u0103\u021bii pentru edificarea viitorului european al Rom\u00e2niei.\u201d<\/p>\n\n\n\n<p><strong>Biroul de Comunicare \u0219i Rela\u021bii Publice al Academiei Oamenilor de \u0218tiin\u021b\u0103 din Rom\u00e2nia<\/strong><br>(Contact: <a href=\"mailto:comunicare.aosr@gmail.com\"><strong>comunicare.aosr@gmail.com<\/strong><\/a>)<\/p>\n","protected":false},"excerpt":{"rendered":"<p>Academia Oamenilor de \u0218tiin\u021b\u0103 din Rom\u00e2nia celebreaz\u0103, \u00eempreun\u0103 cu \u00eentreaga na\u021biune rom\u00e2n\u0103, din \u021bar\u0103 \u0219i de peste hotare, Ziua Drapelului Na\u021bional, 26 Iunie, o zi cu profunde semnifica\u021bii pentru istoria, prezentul \u0219i viitorul Rom\u00e2niei. Instituit\u0103 prin Legea Nr. 96 din 20 mai 1998, ziua de 26 iunie face trimitere la data de 14\/26 iunie 1848, [&hellip;]<\/p>\n","protected":false},"author":1,"featured_media":19540,"comment_status":"closed","ping_status":"closed","sticky":false,"template":"","format":"standard","meta":{"inline_featured_image":false,"footnotes":""},"categories":[541,610],"tags":[],"class_list":{"0":"post-22078","1":"post","2":"type-post","3":"status-publish","4":"format-standard","5":"has-post-thumbnail","7":"category-press","8":"category-news"},"yoast_head":"<!-- This site is optimized with the Yoast SEO plugin v27.0 - https:\/\/yoast.com\/product\/yoast-seo-wordpress\/ -->\n<title>Academia Oamenilor de \u015etiin\u021b\u0103 din Rom\u00e2nia celebreaz\u0103 Ziua Drapelului Na\u021bional - The Academy of Romanian Scientists<\/title>\n<meta name=\"robots\" content=\"index, follow, max-snippet:-1, max-image-preview:large, max-video-preview:-1\" \/>\n<link rel=\"canonical\" href=\"https:\/\/www.aosr.ro\/en\/academia-oamenilor-de-stiinta-din-romania-celebreaza-ziua-drapelului-national\/\" \/>\n<meta property=\"og:locale\" content=\"en_US\" \/>\n<meta property=\"og:type\" content=\"article\" \/>\n<meta property=\"og:title\" content=\"Academia Oamenilor de \u015etiin\u021b\u0103 din Rom\u00e2nia celebreaz\u0103 Ziua Drapelului Na\u021bional - The Academy of Romanian Scientists\" \/>\n<meta property=\"og:description\" content=\"Academia Oamenilor de \u0218tiin\u021b\u0103 din Rom\u00e2nia celebreaz\u0103, \u00eempreun\u0103 cu \u00eentreaga na\u021biune rom\u00e2n\u0103, din \u021bar\u0103 \u0219i de peste hotare, Ziua Drapelului Na\u021bional, 26 Iunie, o zi cu profunde semnifica\u021bii pentru istoria, prezentul \u0219i viitorul Rom\u00e2niei. Instituit\u0103 prin Legea Nr. 96 din 20 mai 1998, ziua de 26 iunie face trimitere la data de 14\/26 iunie 1848, [&hellip;]\" \/>\n<meta property=\"og:url\" content=\"https:\/\/www.aosr.ro\/en\/academia-oamenilor-de-stiinta-din-romania-celebreaza-ziua-drapelului-national\/\" \/>\n<meta property=\"og:site_name\" content=\"The Academy of Romanian Scientists\" \/>\n<meta property=\"article:author\" content=\"http:\/\/www.facebook.com\/aosromania\" \/>\n<meta property=\"article:published_time\" content=\"2022-06-24T11:05:23+00:00\" \/>\n<meta property=\"article:modified_time\" content=\"2022-06-24T11:06:30+00:00\" \/>\n<meta property=\"og:image\" content=\"https:\/\/www.aosr.ro\/wp-content\/uploads\/2022\/04\/thumb_comunicat_AOSR.jpg\" \/>\n\t<meta property=\"og:image:width\" content=\"912\" \/>\n\t<meta property=\"og:image:height\" content=\"513\" \/>\n\t<meta property=\"og:image:type\" content=\"image\/jpeg\" \/>\n<meta name=\"author\" content=\"aosradmin\" \/>\n<meta name=\"twitter:card\" content=\"summary_large_image\" \/>\n<meta name=\"twitter:label1\" content=\"Written by\" \/>\n\t<meta name=\"twitter:data1\" content=\"aosradmin\" \/>\n\t<meta name=\"twitter:label2\" content=\"Est. reading time\" \/>\n\t<meta name=\"twitter:data2\" content=\"3 minutes\" \/>\n<script type=\"application\/ld+json\" class=\"yoast-schema-graph\">{\"@context\":\"https:\/\/schema.org\",\"@graph\":[{\"@type\":\"Article\",\"@id\":\"https:\/\/www.aosr.ro\/en\/academia-oamenilor-de-stiinta-din-romania-celebreaza-ziua-drapelului-national\/#article\",\"isPartOf\":{\"@id\":\"https:\/\/www.aosr.ro\/en\/academia-oamenilor-de-stiinta-din-romania-celebreaza-ziua-drapelului-national\/\"},\"author\":{\"name\":\"aosradmin\",\"@id\":\"\/#\/schema\/person\/11854d41ef0fc115a9ccb416cb81d117\"},\"headline\":\"Academia Oamenilor de \u015etiin\u021b\u0103 din Rom\u00e2nia celebreaz\u0103 Ziua Drapelului Na\u021bional\",\"datePublished\":\"2022-06-24T11:05:23+00:00\",\"dateModified\":\"2022-06-24T11:06:30+00:00\",\"mainEntityOfPage\":{\"@id\":\"https:\/\/www.aosr.ro\/en\/academia-oamenilor-de-stiinta-din-romania-celebreaza-ziua-drapelului-national\/\"},\"wordCount\":687,\"image\":{\"@id\":\"https:\/\/www.aosr.ro\/en\/academia-oamenilor-de-stiinta-din-romania-celebreaza-ziua-drapelului-national\/#primaryimage\"},\"thumbnailUrl\":\"https:\/\/www.aosr.ro\/wp-content\/uploads\/2022\/04\/thumb_comunicat_AOSR.jpg\",\"articleSection\":[\"PRESS\",\"News\"],\"inLanguage\":\"en-US\"},{\"@type\":\"WebPage\",\"@id\":\"https:\/\/www.aosr.ro\/en\/academia-oamenilor-de-stiinta-din-romania-celebreaza-ziua-drapelului-national\/\",\"url\":\"https:\/\/www.aosr.ro\/en\/academia-oamenilor-de-stiinta-din-romania-celebreaza-ziua-drapelului-national\/\",\"name\":\"Academia Oamenilor de \u015etiin\u021b\u0103 din Rom\u00e2nia celebreaz\u0103 Ziua Drapelului Na\u021bional - The Academy of Romanian Scientists\",\"isPartOf\":{\"@id\":\"\/#website\"},\"primaryImageOfPage\":{\"@id\":\"https:\/\/www.aosr.ro\/en\/academia-oamenilor-de-stiinta-din-romania-celebreaza-ziua-drapelului-national\/#primaryimage\"},\"image\":{\"@id\":\"https:\/\/www.aosr.ro\/en\/academia-oamenilor-de-stiinta-din-romania-celebreaza-ziua-drapelului-national\/#primaryimage\"},\"thumbnailUrl\":\"https:\/\/www.aosr.ro\/wp-content\/uploads\/2022\/04\/thumb_comunicat_AOSR.jpg\",\"datePublished\":\"2022-06-24T11:05:23+00:00\",\"dateModified\":\"2022-06-24T11:06:30+00:00\",\"author\":{\"@id\":\"\/#\/schema\/person\/11854d41ef0fc115a9ccb416cb81d117\"},\"breadcrumb\":{\"@id\":\"https:\/\/www.aosr.ro\/en\/academia-oamenilor-de-stiinta-din-romania-celebreaza-ziua-drapelului-national\/#breadcrumb\"},\"inLanguage\":\"en-US\",\"potentialAction\":[{\"@type\":\"ReadAction\",\"target\":[\"https:\/\/www.aosr.ro\/en\/academia-oamenilor-de-stiinta-din-romania-celebreaza-ziua-drapelului-national\/\"]}]},{\"@type\":\"ImageObject\",\"inLanguage\":\"en-US\",\"@id\":\"https:\/\/www.aosr.ro\/en\/academia-oamenilor-de-stiinta-din-romania-celebreaza-ziua-drapelului-national\/#primaryimage\",\"url\":\"https:\/\/www.aosr.ro\/wp-content\/uploads\/2022\/04\/thumb_comunicat_AOSR.jpg\",\"contentUrl\":\"https:\/\/www.aosr.ro\/wp-content\/uploads\/2022\/04\/thumb_comunicat_AOSR.jpg\",\"width\":912,\"height\":513},{\"@type\":\"BreadcrumbList\",\"@id\":\"https:\/\/www.aosr.ro\/en\/academia-oamenilor-de-stiinta-din-romania-celebreaza-ziua-drapelului-national\/#breadcrumb\",\"itemListElement\":[{\"@type\":\"ListItem\",\"position\":1,\"name\":\"Home\",\"item\":\"https:\/\/www.aosr.ro\/en\/\"},{\"@type\":\"ListItem\",\"position\":2,\"name\":\"Academia Oamenilor de \u015etiin\u021b\u0103 din Rom\u00e2nia celebreaz\u0103 Ziua Drapelului Na\u021bional\"}]},{\"@type\":\"WebSite\",\"@id\":\"\/#website\",\"url\":\"\/\",\"name\":\"The Academy of Romanian Scientists\",\"description\":\"The Academy of Romanian Scientists | Official website of AOSR\",\"potentialAction\":[{\"@type\":\"SearchAction\",\"target\":{\"@type\":\"EntryPoint\",\"urlTemplate\":\"\/?s={search_term_string}\"},\"query-input\":{\"@type\":\"PropertyValueSpecification\",\"valueRequired\":true,\"valueName\":\"search_term_string\"}}],\"inLanguage\":\"en-US\"},{\"@type\":\"Person\",\"@id\":\"\/#\/schema\/person\/11854d41ef0fc115a9ccb416cb81d117\",\"name\":\"aosradmin\",\"description\":\"Academia Oamenilor de \u0218tiin\u021b\u0103 din Rom\u00e2nia este continuatorul \u0219i unicul legatar al Academiei de \u0218tiinte din Rom\u00e2nia (1935 \u2013 1948) \u0219i al Asocia\u021biei Oamenilor de \u0218tiin\u021b\u0103 din Rom\u00e2nia \u00eenfiin\u021bat\u0103 prin HCM nr. 1012\/30 mai 1956, care \u00een 1996 \u0219i-a schimbat titulatura \u00een Academia Oamenilor de \u0218tiin\u021b\u0103 din Rom\u00e2nia. \u00cen anul 2007 a fost adoptat\u0103 Legea nr. 31-15 ianuarie 2007 privind reorganizarea \u0219i func\u0163ionarea AOSR. Printre membrii de onoare ai ASR s-au num\u0103rat urm\u0103torii laurea\u021bi ai premiului Nobel (conform Buletinului nr 11 din 1943 al ASR): Louis de Broglie, Jean Perrin (fizicieni francezi), Max Born, Werner-Karl Heisenberg (fizicieni germani), Paul Sabatier (chimist francez), Hans Fischer , Friedrich Bergius (chimisti germani), Paul Karrer (chimist elve\u0163ian) \u015fi George Emil Palade (medic rom\u00e2n ), membru al AOSR. Conform evalu\u0103rii institu\u021bionale Scimago\/ ELSEVIER , bazat\u0103 pe vizibilitatea \u0219tiin\u021bific\u0103 interna\u021bional\u0103 a membrilor s\u0103i, AOSR ocup\u0103 locul 22\/Romania \u0219i 775\/lume \u00een clasamentul institu\u021biilor de cercetare \u0219i \u00eenv\u0103\u021b\u0103m\u00e2nt superior.\",\"sameAs\":[\"https:\/\/www.aosr.ro\",\"http:\/\/www.facebook.com\/aosromania\"],\"url\":\"https:\/\/www.aosr.ro\/en\/author\/aosradmin\/\"}]}<\/script>\n<!-- \/ Yoast SEO plugin. -->","yoast_head_json":{"title":"Academia Oamenilor de \u015etiin\u021b\u0103 din Rom\u00e2nia celebreaz\u0103 Ziua Drapelului Na\u021bional - The Academy of Romanian Scientists","robots":{"index":"index","follow":"follow","max-snippet":"max-snippet:-1","max-image-preview":"max-image-preview:large","max-video-preview":"max-video-preview:-1"},"canonical":"https:\/\/www.aosr.ro\/en\/academia-oamenilor-de-stiinta-din-romania-celebreaza-ziua-drapelului-national\/","og_locale":"en_US","og_type":"article","og_title":"Academia Oamenilor de \u015etiin\u021b\u0103 din Rom\u00e2nia celebreaz\u0103 Ziua Drapelului Na\u021bional - The Academy of Romanian Scientists","og_description":"Academia Oamenilor de \u0218tiin\u021b\u0103 din Rom\u00e2nia celebreaz\u0103, \u00eempreun\u0103 cu \u00eentreaga na\u021biune rom\u00e2n\u0103, din \u021bar\u0103 \u0219i de peste hotare, Ziua Drapelului Na\u021bional, 26 Iunie, o zi cu profunde semnifica\u021bii pentru istoria, prezentul \u0219i viitorul Rom\u00e2niei. Instituit\u0103 prin Legea Nr. 96 din 20 mai 1998, ziua de 26 iunie face trimitere la data de 14\/26 iunie 1848, [&hellip;]","og_url":"https:\/\/www.aosr.ro\/en\/academia-oamenilor-de-stiinta-din-romania-celebreaza-ziua-drapelului-national\/","og_site_name":"The Academy of Romanian Scientists","article_author":"http:\/\/www.facebook.com\/aosromania","article_published_time":"2022-06-24T11:05:23+00:00","article_modified_time":"2022-06-24T11:06:30+00:00","og_image":[{"width":912,"height":513,"url":"https:\/\/www.aosr.ro\/wp-content\/uploads\/2022\/04\/thumb_comunicat_AOSR.jpg","type":"image\/jpeg"}],"author":"aosradmin","twitter_card":"summary_large_image","twitter_misc":{"Written by":"aosradmin","Est. reading time":"3 minutes"},"schema":{"@context":"https:\/\/schema.org","@graph":[{"@type":"Article","@id":"https:\/\/www.aosr.ro\/en\/academia-oamenilor-de-stiinta-din-romania-celebreaza-ziua-drapelului-national\/#article","isPartOf":{"@id":"https:\/\/www.aosr.ro\/en\/academia-oamenilor-de-stiinta-din-romania-celebreaza-ziua-drapelului-national\/"},"author":{"name":"aosradmin","@id":"\/#\/schema\/person\/11854d41ef0fc115a9ccb416cb81d117"},"headline":"Academia Oamenilor de \u015etiin\u021b\u0103 din Rom\u00e2nia celebreaz\u0103 Ziua Drapelului Na\u021bional","datePublished":"2022-06-24T11:05:23+00:00","dateModified":"2022-06-24T11:06:30+00:00","mainEntityOfPage":{"@id":"https:\/\/www.aosr.ro\/en\/academia-oamenilor-de-stiinta-din-romania-celebreaza-ziua-drapelului-national\/"},"wordCount":687,"image":{"@id":"https:\/\/www.aosr.ro\/en\/academia-oamenilor-de-stiinta-din-romania-celebreaza-ziua-drapelului-national\/#primaryimage"},"thumbnailUrl":"https:\/\/www.aosr.ro\/wp-content\/uploads\/2022\/04\/thumb_comunicat_AOSR.jpg","articleSection":["PRESS","News"],"inLanguage":"en-US"},{"@type":"WebPage","@id":"https:\/\/www.aosr.ro\/en\/academia-oamenilor-de-stiinta-din-romania-celebreaza-ziua-drapelului-national\/","url":"https:\/\/www.aosr.ro\/en\/academia-oamenilor-de-stiinta-din-romania-celebreaza-ziua-drapelului-national\/","name":"Academia Oamenilor de \u015etiin\u021b\u0103 din Rom\u00e2nia celebreaz\u0103 Ziua Drapelului Na\u021bional - The Academy of Romanian Scientists","isPartOf":{"@id":"\/#website"},"primaryImageOfPage":{"@id":"https:\/\/www.aosr.ro\/en\/academia-oamenilor-de-stiinta-din-romania-celebreaza-ziua-drapelului-national\/#primaryimage"},"image":{"@id":"https:\/\/www.aosr.ro\/en\/academia-oamenilor-de-stiinta-din-romania-celebreaza-ziua-drapelului-national\/#primaryimage"},"thumbnailUrl":"https:\/\/www.aosr.ro\/wp-content\/uploads\/2022\/04\/thumb_comunicat_AOSR.jpg","datePublished":"2022-06-24T11:05:23+00:00","dateModified":"2022-06-24T11:06:30+00:00","author":{"@id":"\/#\/schema\/person\/11854d41ef0fc115a9ccb416cb81d117"},"breadcrumb":{"@id":"https:\/\/www.aosr.ro\/en\/academia-oamenilor-de-stiinta-din-romania-celebreaza-ziua-drapelului-national\/#breadcrumb"},"inLanguage":"en-US","potentialAction":[{"@type":"ReadAction","target":["https:\/\/www.aosr.ro\/en\/academia-oamenilor-de-stiinta-din-romania-celebreaza-ziua-drapelului-national\/"]}]},{"@type":"ImageObject","inLanguage":"en-US","@id":"https:\/\/www.aosr.ro\/en\/academia-oamenilor-de-stiinta-din-romania-celebreaza-ziua-drapelului-national\/#primaryimage","url":"https:\/\/www.aosr.ro\/wp-content\/uploads\/2022\/04\/thumb_comunicat_AOSR.jpg","contentUrl":"https:\/\/www.aosr.ro\/wp-content\/uploads\/2022\/04\/thumb_comunicat_AOSR.jpg","width":912,"height":513},{"@type":"BreadcrumbList","@id":"https:\/\/www.aosr.ro\/en\/academia-oamenilor-de-stiinta-din-romania-celebreaza-ziua-drapelului-national\/#breadcrumb","itemListElement":[{"@type":"ListItem","position":1,"name":"Home","item":"https:\/\/www.aosr.ro\/en\/"},{"@type":"ListItem","position":2,"name":"Academia Oamenilor de \u015etiin\u021b\u0103 din Rom\u00e2nia celebreaz\u0103 Ziua Drapelului Na\u021bional"}]},{"@type":"WebSite","@id":"\/#website","url":"\/","name":"The Academy of Romanian Scientists","description":"The Academy of Romanian Scientists | Official website of AOSR","potentialAction":[{"@type":"SearchAction","target":{"@type":"EntryPoint","urlTemplate":"\/?s={search_term_string}"},"query-input":{"@type":"PropertyValueSpecification","valueRequired":true,"valueName":"search_term_string"}}],"inLanguage":"en-US"},{"@type":"Person","@id":"\/#\/schema\/person\/11854d41ef0fc115a9ccb416cb81d117","name":"aosradmin","description":"Academia Oamenilor de \u0218tiin\u021b\u0103 din Rom\u00e2nia este continuatorul \u0219i unicul legatar al Academiei de \u0218tiinte din Rom\u00e2nia (1935 \u2013 1948) \u0219i al Asocia\u021biei Oamenilor de \u0218tiin\u021b\u0103 din Rom\u00e2nia \u00eenfiin\u021bat\u0103 prin HCM nr. 1012\/30 mai 1956, care \u00een 1996 \u0219i-a schimbat titulatura \u00een Academia Oamenilor de \u0218tiin\u021b\u0103 din Rom\u00e2nia. \u00cen anul 2007 a fost adoptat\u0103 Legea nr. 31-15 ianuarie 2007 privind reorganizarea \u0219i func\u0163ionarea AOSR. Printre membrii de onoare ai ASR s-au num\u0103rat urm\u0103torii laurea\u021bi ai premiului Nobel (conform Buletinului nr 11 din 1943 al ASR): Louis de Broglie, Jean Perrin (fizicieni francezi), Max Born, Werner-Karl Heisenberg (fizicieni germani), Paul Sabatier (chimist francez), Hans Fischer , Friedrich Bergius (chimisti germani), Paul Karrer (chimist elve\u0163ian) \u015fi George Emil Palade (medic rom\u00e2n ), membru al AOSR. Conform evalu\u0103rii institu\u021bionale Scimago\/ ELSEVIER , bazat\u0103 pe vizibilitatea \u0219tiin\u021bific\u0103 interna\u021bional\u0103 a membrilor s\u0103i, AOSR ocup\u0103 locul 22\/Romania \u0219i 775\/lume \u00een clasamentul institu\u021biilor de cercetare \u0219i \u00eenv\u0103\u021b\u0103m\u00e2nt superior.","sameAs":["https:\/\/www.aosr.ro","http:\/\/www.facebook.com\/aosromania"],"url":"https:\/\/www.aosr.ro\/en\/author\/aosradmin\/"}]}},"_links":{"self":[{"href":"https:\/\/www.aosr.ro\/en\/wp-json\/wp\/v2\/posts\/22078","targetHints":{"allow":["GET"]}}],"collection":[{"href":"https:\/\/www.aosr.ro\/en\/wp-json\/wp\/v2\/posts"}],"about":[{"href":"https:\/\/www.aosr.ro\/en\/wp-json\/wp\/v2\/types\/post"}],"author":[{"embeddable":true,"href":"https:\/\/www.aosr.ro\/en\/wp-json\/wp\/v2\/users\/1"}],"replies":[{"embeddable":true,"href":"https:\/\/www.aosr.ro\/en\/wp-json\/wp\/v2\/comments?post=22078"}],"version-history":[{"count":1,"href":"https:\/\/www.aosr.ro\/en\/wp-json\/wp\/v2\/posts\/22078\/revisions"}],"predecessor-version":[{"id":22080,"href":"https:\/\/www.aosr.ro\/en\/wp-json\/wp\/v2\/posts\/22078\/revisions\/22080"}],"wp:featuredmedia":[{"embeddable":true,"href":"https:\/\/www.aosr.ro\/en\/wp-json\/wp\/v2\/media\/19540"}],"wp:attachment":[{"href":"https:\/\/www.aosr.ro\/en\/wp-json\/wp\/v2\/media?parent=22078"}],"wp:term":[{"taxonomy":"category","embeddable":true,"href":"https:\/\/www.aosr.ro\/en\/wp-json\/wp\/v2\/categories?post=22078"},{"taxonomy":"post_tag","embeddable":true,"href":"https:\/\/www.aosr.ro\/en\/wp-json\/wp\/v2\/tags?post=22078"}],"curies":[{"name":"wp","href":"https:\/\/api.w.org\/{rel}","templated":true}]}}