{"id":21324,"date":"2022-06-13T15:10:26","date_gmt":"2022-06-13T12:10:26","guid":{"rendered":"https:\/\/www.aosr.ro\/world-environment-day-celebrated-by-aosr-at-the-county-library-gt-kirileanu-neamt\/"},"modified":"2022-06-13T15:10:33","modified_gmt":"2022-06-13T12:10:33","slug":"world-environment-day-celebrated-by-aosr-at-the-county-library-gt-kirileanu-neamt","status":"publish","type":"post","link":"https:\/\/www.aosr.ro\/en\/world-environment-day-celebrated-by-aosr-at-the-county-library-gt-kirileanu-neamt\/","title":{"rendered":"World Environment Day, celebrated by AOSR, at the County Library &#8220;GT Kirileanu&#8221; Neamt"},"content":{"rendered":"\n<p>&#8220;Kirileanu&#8221; Neam\u021b County Library organizes, in partnership with the Academy of Romanian Scientists, Piatra-Neam\u021b branch, the symposium &#8221; <strong>World Environment Day: Greenhouse and global warming<\/strong> &#8220;, Monday, June 6, 2022, in the Exhibition Space from ground floor of Corps A.<\/p>\n\n<p>Prof. Univ. Dr. Gheorghe Surp\u0103\u021beanu: &#8220;Global warming and its consequences&#8221;; prof. univ. Dr. Gogu Ghiorghi\u021b\u0103: &#8220;Global warming &#8211; ecosystems, life and human health&#8221;; Dr. chem. Vasile Av\u0103d\u0103nei: &#8220;The contribution of the agricultural sector to the greenhouse effect&#8221;.<\/p>\n\n<p>Also, Prof. Dr. Gheorghe Surp\u0103\u021beanu will present the book \u201cGlobal warming. Where to land? \u201d, Published by the Academy of Scientists in 2021, with Gh. Surp\u0103\u021beanu and G. Ghiorghi\u021b\u0103 as authors.<\/p>\n\n<p>The moderator of the meeting will be Prof. Mihaela Mereu\u021b\u0103, the manager of the County Library &#8220;GT Kirileanu&#8221; Neam\u021b.<\/p>\n\n<p>&#8220;We are bombarded almost daily with climate change on our planet. <em>Homo sapiens<\/em> has lived on Earth for about 200,000 years, and until recently human activities did not visibly influence factors such as warming and cooling of the planet, the desertification of parts of it, so that nature rebalanced itself. In the 19th century, however, the industrial revolution appeared and the face of the Earth and the world changed, as people began to demand more from nature for an ever better life, forgetting that nature also has the requirements. They. Man thus came into conflict with nature, abusing its resources, exploiting them irrationally.<\/p>\n\n<p>The information we currently have about the state of the planet shows that its future is not a reassuring one, but on the contrary. Opinions have already been made that little by little, the Earth will behave like a real furnace. The &#8220;fight&#8221; against global warming requires specific actions and measures, from the individual level to the international level. In the paper we also referred to the activity. Based on studies conducted by specialists in various fields, some international bodies involved in the issue of climate on Earth make recommendations, and sometimes impose some constraints and regulations at the interstate level. Measures are planned to rationalize the consumption of raw materials, control and neutralize pollutants (from source to after use), recovery of recyclable materials, storage of carbon dioxide, etc. We need to understand that even if we manage to limit global warming below 20C, as was agreed at international intergovernmental meetings, some of the processes caused by rising global temperatures will be irreversible.<\/p>\n\n<p>The scientific meeting organized by the World Environment Day, on June 6, 2022, at the County Library \u00abGT Kirileanu\u00bb Neam\u021b by this institution in collaboration with the Piatra-Neam\u021b Branch of the Academy of Romanian Scientists aims to reveal some aspects regarding the factors that contributes to the greenhouse effect and global warming, some of the consequences of this phenomenon on ecosystems, life and health and some of the measures that can contribute to limiting and reducing this process, &#8220;said Prof. Univ. Dr. Gogu Ghiorghi\u021b\u0103.<\/p>\n\n<p><strong>Gogu GHIORGHI\u021a\u0102<\/strong><\/p>\n\n<p><\/p>\n\n<div class=\"wp-block-image\"><figure class=\"alignleft size-full\"><img loading=\"lazy\" decoding=\"async\" width=\"512\" height=\"512\" src=\"https:\/\/www.aosr.ro\/wp-content\/uploads\/2022\/06\/Gogu-Ghiorghita.jpg\" alt=\"\" class=\"wp-image-21181\" srcset=\"https:\/\/www.aosr.ro\/wp-content\/uploads\/2022\/06\/Gogu-Ghiorghita.jpg 512w, https:\/\/www.aosr.ro\/wp-content\/uploads\/2022\/06\/Gogu-Ghiorghita-300x300.jpg 300w, https:\/\/www.aosr.ro\/wp-content\/uploads\/2022\/06\/Gogu-Ghiorghita-150x150.jpg 150w\" sizes=\"auto, (max-width: 512px) 100vw, 512px\" \/><\/figure><\/div>\n\n<p>\u2022 Graduate (class of 1967) of the Faculty of Biology, \u201cAl. I. Cuza \u201cIa\u0219i;<\/p>\n\n<p>\u2022 Scientific researcher gr. I and university professor;<\/p>\n\n<p>\u2022 Doctor of Biology, specializing in Genetics, since 1976;<\/p>\n\n<p>\u2022 Professor Emeritus of the University \u201eV. Alecsandri \u201cBac\u0103u;<\/p>\n\n<p>\u2022 PhD supervisor at the University \u201eAl. I. Cuza Ia\u0219i (1999-2015; 20 coordinated doctors of biological sciences);<\/p>\n\n<p>\u2022 Author of over 330 specialized scientific articles, 30 articles on the history of biology, 18 books and monographs and 5 university textbooks;<\/p>\n\n<p>\u2022 Organizer of numerous symposia and scientific conferences at national and international level and editor of 12 volumes with papers presented at some of these meetings;<\/p>\n\n<p>\u2022 Holder of the \u201eEmanoil Teodorescu\u201c award (1981) of the Romanian Academy and of the \u201eEmil Pop\u201c awards (2009) and \u201eMircea Banciu\u201c (2019) of the Academy of Romanian Scientists &#8211; for three of the published books;<\/p>\n\n<p>\u2022 Two gold and one silver medal of &#8220;EUROINVENT&#8221; Romania obtained for three of the published books;<\/p>\n\n<p>\u2022 Positions held: head of laboratory, director of the research unit, head of department, chancellor and rector of the University \u201eV. Alecsandri \u201cBac\u0103u;<\/p>\n\n<p>\u2022 Since 2012 president of the Piatra-Neam\u021b Branch of the Academy of Scientists.<br\/><\/p>\n\n<p><strong>Gheorghe SURP\u0102\u021aEANU<\/strong><\/p>\n\n<div class=\"wp-block-image\"><figure class=\"alignleft size-full\"><img loading=\"lazy\" decoding=\"async\" width=\"352\" height=\"452\" src=\"https:\/\/www.aosr.ro\/wp-content\/uploads\/2022\/06\/Surpateanu-Gheorghe.jpg\" alt=\"\" class=\"wp-image-21177\" srcset=\"https:\/\/www.aosr.ro\/wp-content\/uploads\/2022\/06\/Surpateanu-Gheorghe.jpg 352w, https:\/\/www.aosr.ro\/wp-content\/uploads\/2022\/06\/Surpateanu-Gheorghe-234x300.jpg 234w, https:\/\/www.aosr.ro\/wp-content\/uploads\/2022\/06\/Surpateanu-Gheorghe-117x150.jpg 117w, https:\/\/www.aosr.ro\/wp-content\/uploads\/2022\/06\/Surpateanu-Gheorghe-150x193.jpg 150w, https:\/\/www.aosr.ro\/wp-content\/uploads\/2022\/06\/Surpateanu-Gheorghe-300x385.jpg 300w\" sizes=\"auto, (max-width: 352px) 100vw, 352px\" \/><\/figure><\/div>\n\n<p>\u2022 Graduate of the Faculty of Chemistry, class of 1967;<\/p>\n\n<p>\u2022 Doctor of Chemistry of the University \u201eAl. I. Cuza \u201cIa\u0219i, since 1972;<\/p>\n\n<p>\u2022 University professor from 1993 to 2010 at the Universities \u201eAl. I Cuza \u201dand\u201c Gh. Asachi Iasi and Littoral University, Dunkirk, France;<\/p>\n\n<p>\u2022 Published over 250 scientific articles, 10 books, patented 31 inventions;<\/p>\n\n<p>\u2022 He is the holder of the scientific awards \u201eNicolae Teclu\u201c of the Romanian Academy (1990), \u201ePOLLUTEC\u201c &#8211; France (2004) and \u201eMircea Banciu\u201c of the Academy of Scientists (2019) for some of the published works;<\/p>\n\n<p>\u2022 He received the Gold Medal of &#8220;EUROINVENT&#8221; Romania for one of the published books;<\/p>\n\n<p>\u2022 He was honored with the Order &#8220;Palmes Academiques&#8221; (France, 2002) and is Doctor Honoris Causa of the University of Bucharest (2005) and &#8220;V. Alecsandri Bac\u0103u (2008);<\/p>\n\n<p>\u2022 He is Professor Emeritus of the University \u201eAl. I. Cuza \u201d, Ia\u0219i.<\/p>\n\n<p><strong>Vasile AV\u0102D\u0102NEI<\/strong><\/p>\n\n<p>He is a third degree scientific researcher at the National Institute for Economic Research &#8220;Costin C. Kiritescu&#8221; of the Romanian Academy, Center for Mountain Economics (CE-MONT), Vatra Dornei. He is the President of the Roznov Creative-Innovative Business Incubation Center and the secretary of the Romanian Mountain Forum.<\/p>\n\n<div class=\"wp-block-image\"><figure class=\"aligncenter size-full is-resized\"><img loading=\"lazy\" decoding=\"async\" src=\"https:\/\/www.aosr.ro\/wp-content\/uploads\/2022\/06\/Afis-Ziua-Mondiala-a-Mediului-1.jpg\" alt=\"\" class=\"wp-image-21167\" width=\"527\" height=\"745\" srcset=\"https:\/\/www.aosr.ro\/wp-content\/uploads\/2022\/06\/Afis-Ziua-Mondiala-a-Mediului-1.jpg 527w, https:\/\/www.aosr.ro\/wp-content\/uploads\/2022\/06\/Afis-Ziua-Mondiala-a-Mediului-1-212x300.jpg 212w, https:\/\/www.aosr.ro\/wp-content\/uploads\/2022\/06\/Afis-Ziua-Mondiala-a-Mediului-1-106x150.jpg 106w, https:\/\/www.aosr.ro\/wp-content\/uploads\/2022\/06\/Afis-Ziua-Mondiala-a-Mediului-1-150x212.jpg 150w, https:\/\/www.aosr.ro\/wp-content\/uploads\/2022\/06\/Afis-Ziua-Mondiala-a-Mediului-1-300x424.jpg 300w\" sizes=\"auto, (max-width: 527px) 100vw, 527px\" \/><\/figure><\/div>\n","protected":false},"excerpt":{"rendered":"<p>&#8220;Kirileanu&#8221; Neam\u021b County Library organizes, in partnership with the Academy of Romanian Scientists, Piatra-Neam\u021b branch, the symposium &#8221; World Environment Day: Greenhouse and global warming &#8220;, Monday, June 6, 2022, in the Exhibition Space from ground floor of Corps A. Prof. Univ. Dr. Gheorghe Surp\u0103\u021beanu: &#8220;Global warming and its consequences&#8221;; prof. univ. Dr. Gogu Ghiorghi\u021b\u0103: [&hellip;]<\/p>\n","protected":false},"author":1,"featured_media":21171,"comment_status":"closed","ping_status":"closed","sticky":false,"template":"","format":"standard","meta":{"inline_featured_image":false,"footnotes":""},"categories":[574],"tags":[793,794,795,814,815,819,273],"class_list":{"0":"post-21324","1":"post","2":"type-post","3":"status-publish","4":"format-standard","5":"has-post-thumbnail","7":"category-event","8":"tag-vasile-avadanei","9":"tag-gheorghe-surpateanu","10":"tag-gogu-ghiorghita","11":"tag-world-environment-day","12":"tag-the-greenhouse-effect-and-global-warming","13":"tag-gt-kirileanu-county-library-neamt","14":"tag-aosr"},"yoast_head":"<!-- This site is optimized with the Yoast SEO plugin v27.0 - https:\/\/yoast.com\/product\/yoast-seo-wordpress\/ -->\n<title>World Environment Day, celebrated by AOSR, at the County Library &quot;GT Kirileanu&quot; Neamt - The Academy of Romanian Scientists<\/title>\n<meta name=\"robots\" content=\"index, follow, max-snippet:-1, max-image-preview:large, max-video-preview:-1\" \/>\n<link rel=\"canonical\" href=\"https:\/\/www.aosr.ro\/en\/world-environment-day-celebrated-by-aosr-at-the-county-library-gt-kirileanu-neamt\/\" \/>\n<meta property=\"og:locale\" content=\"en_US\" \/>\n<meta property=\"og:type\" content=\"article\" \/>\n<meta property=\"og:title\" content=\"World Environment Day, celebrated by AOSR, at the County Library &quot;GT Kirileanu&quot; Neamt - The Academy of Romanian Scientists\" \/>\n<meta property=\"og:description\" content=\"&#8220;Kirileanu&#8221; Neam\u021b County Library organizes, in partnership with the Academy of Romanian Scientists, Piatra-Neam\u021b branch, the symposium &#8221; World Environment Day: Greenhouse and global warming &#8220;, Monday, June 6, 2022, in the Exhibition Space from ground floor of Corps A. Prof. Univ. Dr. Gheorghe Surp\u0103\u021beanu: &#8220;Global warming and its consequences&#8221;; prof. univ. Dr. Gogu Ghiorghi\u021b\u0103: [&hellip;]\" \/>\n<meta property=\"og:url\" content=\"https:\/\/www.aosr.ro\/en\/world-environment-day-celebrated-by-aosr-at-the-county-library-gt-kirileanu-neamt\/\" \/>\n<meta property=\"og:site_name\" content=\"The Academy of Romanian Scientists\" \/>\n<meta property=\"article:author\" content=\"http:\/\/www.facebook.com\/aosromania\" \/>\n<meta property=\"article:published_time\" content=\"2022-06-13T12:10:26+00:00\" \/>\n<meta property=\"article:modified_time\" content=\"2022-06-13T12:10:33+00:00\" \/>\n<meta property=\"og:image\" content=\"https:\/\/www.aosr.ro\/wp-content\/uploads\/2022\/06\/thumb-Ziua-Mondiala-a-Mediului-AOSR.jpg\" \/>\n\t<meta property=\"og:image:width\" content=\"912\" \/>\n\t<meta property=\"og:image:height\" content=\"513\" \/>\n\t<meta property=\"og:image:type\" content=\"image\/jpeg\" \/>\n<meta name=\"author\" content=\"aosradmin\" \/>\n<meta name=\"twitter:card\" content=\"summary_large_image\" \/>\n<meta name=\"twitter:label1\" content=\"Written by\" \/>\n\t<meta name=\"twitter:data1\" content=\"aosradmin\" \/>\n\t<meta name=\"twitter:label2\" content=\"Est. reading time\" \/>\n\t<meta name=\"twitter:data2\" content=\"4 minutes\" \/>\n<script type=\"application\/ld+json\" class=\"yoast-schema-graph\">{\"@context\":\"https:\/\/schema.org\",\"@graph\":[{\"@type\":\"Article\",\"@id\":\"https:\/\/www.aosr.ro\/en\/world-environment-day-celebrated-by-aosr-at-the-county-library-gt-kirileanu-neamt\/#article\",\"isPartOf\":{\"@id\":\"https:\/\/www.aosr.ro\/en\/world-environment-day-celebrated-by-aosr-at-the-county-library-gt-kirileanu-neamt\/\"},\"author\":{\"name\":\"aosradmin\",\"@id\":\"\/#\/schema\/person\/11854d41ef0fc115a9ccb416cb81d117\"},\"headline\":\"World Environment Day, celebrated by AOSR, at the County Library &#8220;GT Kirileanu&#8221; Neamt\",\"datePublished\":\"2022-06-13T12:10:26+00:00\",\"dateModified\":\"2022-06-13T12:10:33+00:00\",\"mainEntityOfPage\":{\"@id\":\"https:\/\/www.aosr.ro\/en\/world-environment-day-celebrated-by-aosr-at-the-county-library-gt-kirileanu-neamt\/\"},\"wordCount\":845,\"image\":{\"@id\":\"https:\/\/www.aosr.ro\/en\/world-environment-day-celebrated-by-aosr-at-the-county-library-gt-kirileanu-neamt\/#primaryimage\"},\"thumbnailUrl\":\"https:\/\/www.aosr.ro\/wp-content\/uploads\/2022\/06\/thumb-Ziua-Mondiala-a-Mediului-AOSR.jpg\",\"keywords\":[\"vasile avadanei\",\"gheorghe surpateanu\",\"gogu ghiorghita\",\"World Environment Day\",\"the greenhouse effect and global warming\",\"\\\"GT Kirileanu\\\" County Library Neam\u021b\",\"aosr\"],\"articleSection\":[\"Events\"],\"inLanguage\":\"en-US\"},{\"@type\":\"WebPage\",\"@id\":\"https:\/\/www.aosr.ro\/en\/world-environment-day-celebrated-by-aosr-at-the-county-library-gt-kirileanu-neamt\/\",\"url\":\"https:\/\/www.aosr.ro\/en\/world-environment-day-celebrated-by-aosr-at-the-county-library-gt-kirileanu-neamt\/\",\"name\":\"World Environment Day, celebrated by AOSR, at the County Library \\\"GT Kirileanu\\\" Neamt - The Academy of Romanian Scientists\",\"isPartOf\":{\"@id\":\"\/#website\"},\"primaryImageOfPage\":{\"@id\":\"https:\/\/www.aosr.ro\/en\/world-environment-day-celebrated-by-aosr-at-the-county-library-gt-kirileanu-neamt\/#primaryimage\"},\"image\":{\"@id\":\"https:\/\/www.aosr.ro\/en\/world-environment-day-celebrated-by-aosr-at-the-county-library-gt-kirileanu-neamt\/#primaryimage\"},\"thumbnailUrl\":\"https:\/\/www.aosr.ro\/wp-content\/uploads\/2022\/06\/thumb-Ziua-Mondiala-a-Mediului-AOSR.jpg\",\"datePublished\":\"2022-06-13T12:10:26+00:00\",\"dateModified\":\"2022-06-13T12:10:33+00:00\",\"author\":{\"@id\":\"\/#\/schema\/person\/11854d41ef0fc115a9ccb416cb81d117\"},\"breadcrumb\":{\"@id\":\"https:\/\/www.aosr.ro\/en\/world-environment-day-celebrated-by-aosr-at-the-county-library-gt-kirileanu-neamt\/#breadcrumb\"},\"inLanguage\":\"en-US\",\"potentialAction\":[{\"@type\":\"ReadAction\",\"target\":[\"https:\/\/www.aosr.ro\/en\/world-environment-day-celebrated-by-aosr-at-the-county-library-gt-kirileanu-neamt\/\"]}]},{\"@type\":\"ImageObject\",\"inLanguage\":\"en-US\",\"@id\":\"https:\/\/www.aosr.ro\/en\/world-environment-day-celebrated-by-aosr-at-the-county-library-gt-kirileanu-neamt\/#primaryimage\",\"url\":\"https:\/\/www.aosr.ro\/wp-content\/uploads\/2022\/06\/thumb-Ziua-Mondiala-a-Mediului-AOSR.jpg\",\"contentUrl\":\"https:\/\/www.aosr.ro\/wp-content\/uploads\/2022\/06\/thumb-Ziua-Mondiala-a-Mediului-AOSR.jpg\",\"width\":912,\"height\":513},{\"@type\":\"BreadcrumbList\",\"@id\":\"https:\/\/www.aosr.ro\/en\/world-environment-day-celebrated-by-aosr-at-the-county-library-gt-kirileanu-neamt\/#breadcrumb\",\"itemListElement\":[{\"@type\":\"ListItem\",\"position\":1,\"name\":\"Home\",\"item\":\"https:\/\/www.aosr.ro\/en\/\"},{\"@type\":\"ListItem\",\"position\":2,\"name\":\"World Environment Day, celebrated by AOSR, at the County Library &#8220;GT Kirileanu&#8221; Neamt\"}]},{\"@type\":\"WebSite\",\"@id\":\"\/#website\",\"url\":\"\/\",\"name\":\"The Academy of Romanian Scientists\",\"description\":\"The Academy of Romanian Scientists | Official website of AOSR\",\"potentialAction\":[{\"@type\":\"SearchAction\",\"target\":{\"@type\":\"EntryPoint\",\"urlTemplate\":\"\/?s={search_term_string}\"},\"query-input\":{\"@type\":\"PropertyValueSpecification\",\"valueRequired\":true,\"valueName\":\"search_term_string\"}}],\"inLanguage\":\"en-US\"},{\"@type\":\"Person\",\"@id\":\"\/#\/schema\/person\/11854d41ef0fc115a9ccb416cb81d117\",\"name\":\"aosradmin\",\"description\":\"Academia Oamenilor de \u0218tiin\u021b\u0103 din Rom\u00e2nia este continuatorul \u0219i unicul legatar al Academiei de \u0218tiinte din Rom\u00e2nia (1935 \u2013 1948) \u0219i al Asocia\u021biei Oamenilor de \u0218tiin\u021b\u0103 din Rom\u00e2nia \u00eenfiin\u021bat\u0103 prin HCM nr. 1012\/30 mai 1956, care \u00een 1996 \u0219i-a schimbat titulatura \u00een Academia Oamenilor de \u0218tiin\u021b\u0103 din Rom\u00e2nia. \u00cen anul 2007 a fost adoptat\u0103 Legea nr. 31-15 ianuarie 2007 privind reorganizarea \u0219i func\u0163ionarea AOSR. Printre membrii de onoare ai ASR s-au num\u0103rat urm\u0103torii laurea\u021bi ai premiului Nobel (conform Buletinului nr 11 din 1943 al ASR): Louis de Broglie, Jean Perrin (fizicieni francezi), Max Born, Werner-Karl Heisenberg (fizicieni germani), Paul Sabatier (chimist francez), Hans Fischer , Friedrich Bergius (chimisti germani), Paul Karrer (chimist elve\u0163ian) \u015fi George Emil Palade (medic rom\u00e2n ), membru al AOSR. Conform evalu\u0103rii institu\u021bionale Scimago\/ ELSEVIER , bazat\u0103 pe vizibilitatea \u0219tiin\u021bific\u0103 interna\u021bional\u0103 a membrilor s\u0103i, AOSR ocup\u0103 locul 22\/Romania \u0219i 775\/lume \u00een clasamentul institu\u021biilor de cercetare \u0219i \u00eenv\u0103\u021b\u0103m\u00e2nt superior.\",\"sameAs\":[\"https:\/\/www.aosr.ro\",\"http:\/\/www.facebook.com\/aosromania\"],\"url\":\"https:\/\/www.aosr.ro\/en\/author\/aosradmin\/\"}]}<\/script>\n<!-- \/ Yoast SEO plugin. -->","yoast_head_json":{"title":"World Environment Day, celebrated by AOSR, at the County Library \"GT Kirileanu\" Neamt - The Academy of Romanian Scientists","robots":{"index":"index","follow":"follow","max-snippet":"max-snippet:-1","max-image-preview":"max-image-preview:large","max-video-preview":"max-video-preview:-1"},"canonical":"https:\/\/www.aosr.ro\/en\/world-environment-day-celebrated-by-aosr-at-the-county-library-gt-kirileanu-neamt\/","og_locale":"en_US","og_type":"article","og_title":"World Environment Day, celebrated by AOSR, at the County Library \"GT Kirileanu\" Neamt - The Academy of Romanian Scientists","og_description":"&#8220;Kirileanu&#8221; Neam\u021b County Library organizes, in partnership with the Academy of Romanian Scientists, Piatra-Neam\u021b branch, the symposium &#8221; World Environment Day: Greenhouse and global warming &#8220;, Monday, June 6, 2022, in the Exhibition Space from ground floor of Corps A. Prof. Univ. Dr. Gheorghe Surp\u0103\u021beanu: &#8220;Global warming and its consequences&#8221;; prof. univ. Dr. Gogu Ghiorghi\u021b\u0103: [&hellip;]","og_url":"https:\/\/www.aosr.ro\/en\/world-environment-day-celebrated-by-aosr-at-the-county-library-gt-kirileanu-neamt\/","og_site_name":"The Academy of Romanian Scientists","article_author":"http:\/\/www.facebook.com\/aosromania","article_published_time":"2022-06-13T12:10:26+00:00","article_modified_time":"2022-06-13T12:10:33+00:00","og_image":[{"width":912,"height":513,"url":"https:\/\/www.aosr.ro\/wp-content\/uploads\/2022\/06\/thumb-Ziua-Mondiala-a-Mediului-AOSR.jpg","type":"image\/jpeg"}],"author":"aosradmin","twitter_card":"summary_large_image","twitter_misc":{"Written by":"aosradmin","Est. reading time":"4 minutes"},"schema":{"@context":"https:\/\/schema.org","@graph":[{"@type":"Article","@id":"https:\/\/www.aosr.ro\/en\/world-environment-day-celebrated-by-aosr-at-the-county-library-gt-kirileanu-neamt\/#article","isPartOf":{"@id":"https:\/\/www.aosr.ro\/en\/world-environment-day-celebrated-by-aosr-at-the-county-library-gt-kirileanu-neamt\/"},"author":{"name":"aosradmin","@id":"\/#\/schema\/person\/11854d41ef0fc115a9ccb416cb81d117"},"headline":"World Environment Day, celebrated by AOSR, at the County Library &#8220;GT Kirileanu&#8221; Neamt","datePublished":"2022-06-13T12:10:26+00:00","dateModified":"2022-06-13T12:10:33+00:00","mainEntityOfPage":{"@id":"https:\/\/www.aosr.ro\/en\/world-environment-day-celebrated-by-aosr-at-the-county-library-gt-kirileanu-neamt\/"},"wordCount":845,"image":{"@id":"https:\/\/www.aosr.ro\/en\/world-environment-day-celebrated-by-aosr-at-the-county-library-gt-kirileanu-neamt\/#primaryimage"},"thumbnailUrl":"https:\/\/www.aosr.ro\/wp-content\/uploads\/2022\/06\/thumb-Ziua-Mondiala-a-Mediului-AOSR.jpg","keywords":["vasile avadanei","gheorghe surpateanu","gogu ghiorghita","World Environment Day","the greenhouse effect and global warming","\"GT Kirileanu\" County Library Neam\u021b","aosr"],"articleSection":["Events"],"inLanguage":"en-US"},{"@type":"WebPage","@id":"https:\/\/www.aosr.ro\/en\/world-environment-day-celebrated-by-aosr-at-the-county-library-gt-kirileanu-neamt\/","url":"https:\/\/www.aosr.ro\/en\/world-environment-day-celebrated-by-aosr-at-the-county-library-gt-kirileanu-neamt\/","name":"World Environment Day, celebrated by AOSR, at the County Library \"GT Kirileanu\" Neamt - The Academy of Romanian Scientists","isPartOf":{"@id":"\/#website"},"primaryImageOfPage":{"@id":"https:\/\/www.aosr.ro\/en\/world-environment-day-celebrated-by-aosr-at-the-county-library-gt-kirileanu-neamt\/#primaryimage"},"image":{"@id":"https:\/\/www.aosr.ro\/en\/world-environment-day-celebrated-by-aosr-at-the-county-library-gt-kirileanu-neamt\/#primaryimage"},"thumbnailUrl":"https:\/\/www.aosr.ro\/wp-content\/uploads\/2022\/06\/thumb-Ziua-Mondiala-a-Mediului-AOSR.jpg","datePublished":"2022-06-13T12:10:26+00:00","dateModified":"2022-06-13T12:10:33+00:00","author":{"@id":"\/#\/schema\/person\/11854d41ef0fc115a9ccb416cb81d117"},"breadcrumb":{"@id":"https:\/\/www.aosr.ro\/en\/world-environment-day-celebrated-by-aosr-at-the-county-library-gt-kirileanu-neamt\/#breadcrumb"},"inLanguage":"en-US","potentialAction":[{"@type":"ReadAction","target":["https:\/\/www.aosr.ro\/en\/world-environment-day-celebrated-by-aosr-at-the-county-library-gt-kirileanu-neamt\/"]}]},{"@type":"ImageObject","inLanguage":"en-US","@id":"https:\/\/www.aosr.ro\/en\/world-environment-day-celebrated-by-aosr-at-the-county-library-gt-kirileanu-neamt\/#primaryimage","url":"https:\/\/www.aosr.ro\/wp-content\/uploads\/2022\/06\/thumb-Ziua-Mondiala-a-Mediului-AOSR.jpg","contentUrl":"https:\/\/www.aosr.ro\/wp-content\/uploads\/2022\/06\/thumb-Ziua-Mondiala-a-Mediului-AOSR.jpg","width":912,"height":513},{"@type":"BreadcrumbList","@id":"https:\/\/www.aosr.ro\/en\/world-environment-day-celebrated-by-aosr-at-the-county-library-gt-kirileanu-neamt\/#breadcrumb","itemListElement":[{"@type":"ListItem","position":1,"name":"Home","item":"https:\/\/www.aosr.ro\/en\/"},{"@type":"ListItem","position":2,"name":"World Environment Day, celebrated by AOSR, at the County Library &#8220;GT Kirileanu&#8221; Neamt"}]},{"@type":"WebSite","@id":"\/#website","url":"\/","name":"The Academy of Romanian Scientists","description":"The Academy of Romanian Scientists | Official website of AOSR","potentialAction":[{"@type":"SearchAction","target":{"@type":"EntryPoint","urlTemplate":"\/?s={search_term_string}"},"query-input":{"@type":"PropertyValueSpecification","valueRequired":true,"valueName":"search_term_string"}}],"inLanguage":"en-US"},{"@type":"Person","@id":"\/#\/schema\/person\/11854d41ef0fc115a9ccb416cb81d117","name":"aosradmin","description":"Academia Oamenilor de \u0218tiin\u021b\u0103 din Rom\u00e2nia este continuatorul \u0219i unicul legatar al Academiei de \u0218tiinte din Rom\u00e2nia (1935 \u2013 1948) \u0219i al Asocia\u021biei Oamenilor de \u0218tiin\u021b\u0103 din Rom\u00e2nia \u00eenfiin\u021bat\u0103 prin HCM nr. 1012\/30 mai 1956, care \u00een 1996 \u0219i-a schimbat titulatura \u00een Academia Oamenilor de \u0218tiin\u021b\u0103 din Rom\u00e2nia. \u00cen anul 2007 a fost adoptat\u0103 Legea nr. 31-15 ianuarie 2007 privind reorganizarea \u0219i func\u0163ionarea AOSR. Printre membrii de onoare ai ASR s-au num\u0103rat urm\u0103torii laurea\u021bi ai premiului Nobel (conform Buletinului nr 11 din 1943 al ASR): Louis de Broglie, Jean Perrin (fizicieni francezi), Max Born, Werner-Karl Heisenberg (fizicieni germani), Paul Sabatier (chimist francez), Hans Fischer , Friedrich Bergius (chimisti germani), Paul Karrer (chimist elve\u0163ian) \u015fi George Emil Palade (medic rom\u00e2n ), membru al AOSR. Conform evalu\u0103rii institu\u021bionale Scimago\/ ELSEVIER , bazat\u0103 pe vizibilitatea \u0219tiin\u021bific\u0103 interna\u021bional\u0103 a membrilor s\u0103i, AOSR ocup\u0103 locul 22\/Romania \u0219i 775\/lume \u00een clasamentul institu\u021biilor de cercetare \u0219i \u00eenv\u0103\u021b\u0103m\u00e2nt superior.","sameAs":["https:\/\/www.aosr.ro","http:\/\/www.facebook.com\/aosromania"],"url":"https:\/\/www.aosr.ro\/en\/author\/aosradmin\/"}]}},"_links":{"self":[{"href":"https:\/\/www.aosr.ro\/en\/wp-json\/wp\/v2\/posts\/21324","targetHints":{"allow":["GET"]}}],"collection":[{"href":"https:\/\/www.aosr.ro\/en\/wp-json\/wp\/v2\/posts"}],"about":[{"href":"https:\/\/www.aosr.ro\/en\/wp-json\/wp\/v2\/types\/post"}],"author":[{"embeddable":true,"href":"https:\/\/www.aosr.ro\/en\/wp-json\/wp\/v2\/users\/1"}],"replies":[{"embeddable":true,"href":"https:\/\/www.aosr.ro\/en\/wp-json\/wp\/v2\/comments?post=21324"}],"version-history":[{"count":1,"href":"https:\/\/www.aosr.ro\/en\/wp-json\/wp\/v2\/posts\/21324\/revisions"}],"predecessor-version":[{"id":21345,"href":"https:\/\/www.aosr.ro\/en\/wp-json\/wp\/v2\/posts\/21324\/revisions\/21345"}],"wp:featuredmedia":[{"embeddable":true,"href":"https:\/\/www.aosr.ro\/en\/wp-json\/wp\/v2\/media\/21171"}],"wp:attachment":[{"href":"https:\/\/www.aosr.ro\/en\/wp-json\/wp\/v2\/media?parent=21324"}],"wp:term":[{"taxonomy":"category","embeddable":true,"href":"https:\/\/www.aosr.ro\/en\/wp-json\/wp\/v2\/categories?post=21324"},{"taxonomy":"post_tag","embeddable":true,"href":"https:\/\/www.aosr.ro\/en\/wp-json\/wp\/v2\/tags?post=21324"}],"curies":[{"name":"wp","href":"https:\/\/api.w.org\/{rel}","templated":true}]}}