{"id":20762,"date":"2022-05-17T17:57:02","date_gmt":"2022-05-17T14:57:02","guid":{"rendered":"https:\/\/www.aosr.ro\/conference-digital-transformation-of-public-institutions\/"},"modified":"2022-05-17T17:57:05","modified_gmt":"2022-05-17T14:57:05","slug":"conference-digital-transformation-of-public-institutions","status":"publish","type":"post","link":"https:\/\/www.aosr.ro\/en\/conference-digital-transformation-of-public-institutions\/","title":{"rendered":"Conference &#8220;Digital Transformation of Public Institutions&#8221;"},"content":{"rendered":"\n<p><strong>ROMANIA&#8217;S ACADEMY OF SCIENTISTS<\/strong> <strong>&#8211; Department of Economic, Legal and Sociological Sciences &#8211;<\/strong> <strong>and<\/strong> the <strong>&#8220;CONSTANTIN ANGELESCU&#8221;<\/strong> <strong>Institute for Advanced Interdisciplinary Research<\/strong> (ICAI) are organizing an online conference on <strong><em>&#8220;<\/em><\/strong> <strong><em>Digital Transformation of Public Institutions&#8221;.<\/em><\/strong><\/p>\n<p><strong>Thursday, April 28, 2022, 11:00 a.m.<\/strong><br><br> <strong>Keynote speaker: Drago\u0219-Cristian VLAD,<\/strong> <strong>President of the Romanian Digitization Authority<\/strong><br> <strong>Moderator: Prof. univ. Dr. Eng. Doina Banciu, Vice President of AOSR<\/strong><\/p>\n<p style=\"text-align: center;\"><strong>P<\/strong> <strong>R<\/strong> <strong>OGRAM<\/strong><br> <strong>Moderator <em>: Prof. univ. Dr. Eng. Doina Banciu, Vice President of AOSR<\/em><\/strong><\/p>\n<p><strong>D<\/strong> <strong>OPENING OF THE CONFERENCE<\/strong><br> <strong>P<\/strong> <strong>r<\/strong> <strong>o<\/strong><strong>f. univ. Dr. Nicolae D\u0102NIL\u0102, <\/strong><strong>President<\/strong> of the <strong>AOSR<\/strong> <strong>Section of Economic, Legal and Sociological Sciences<\/strong><\/p>\n<p>Message from the President of <strong>AOSR<\/strong> <strong>, Prof. univ. Dr. Adrian BADEA<\/strong><\/p>\n<p><strong>KEYNOTE-SPEAKER &#8211; Drago\u0219-Cristian VLAD,<\/strong> <strong>President of the Romanian Digitization Authority<\/strong><br> <strong><em>Su<\/em><\/strong> <strong><em>biect reserved<\/em><\/strong><\/p>\n<p><strong>A<\/strong> <strong>c<\/strong> <strong>a<\/strong><strong>d. Florin Gheorghe FILIP <\/strong><strong>&#8211; Romanian Academy &#8211;<\/strong> <strong><em>Subject<\/em><\/strong> <strong><em>reserved<\/em><\/strong><\/p>\n<p><strong>P<\/strong> <strong>r<\/strong> <strong>o<\/strong><strong>f. univ. dr. Nicolae D\u0102NIL\u0102 &#8211; <\/strong><strong><em>Su<\/em><\/strong> <strong><em>biect reserved<\/em><\/strong><\/p>\n<p><strong>P<\/strong> <strong>r<\/strong> <strong>o<\/strong><strong>f. univ. Dr. Verginia VEDINA\u0218 <\/strong><strong>&#8211; University of Bucharest &#8211;<\/strong> <em>Computerization of public administration in the light of the Administrative Code and the<\/em> <em>future<\/em> <em>Code of Administrative Procedure<\/em><\/p>\n<p><strong>P<\/strong> <strong>r<\/strong> <strong>o<\/strong><strong>f. univ. dr. <\/strong><strong>A<\/strong> <strong>g<\/strong> <strong>nes ERICH &#8211;<\/strong> <strong><em>President of the National Library Commission &#8211;<\/em><\/strong> <em>Modernization<\/em> <em>of libraries<\/em><\/p>\n<p><strong>P<\/strong> <strong>r<\/strong> <strong>o<\/strong><strong>f. univ. dr. <\/strong><strong><em>George<\/em><\/strong> <strong>GRIGORI\u021a\u0102 &#8211;<\/strong> <strong><em>University of Bucharest, Faculty of Orthodox Theology<\/em><\/strong><br> <em>The impact of digitization on the ecclesiastical environment from a canonical point of view<\/em><\/p>\n<p><strong>P<\/strong> <strong>r<\/strong> <strong>o<\/strong><strong>f. univ. dr. <\/strong><strong>D<\/strong> <strong>umitru BOR\u0162UN &#8211;<\/strong> <strong><em>National School of Political and Administrative Studies &#8211; SNSPA<\/em><\/strong><br> <em>T<\/em><em>digital transformation of institutions. An ethical approach<\/em><\/p>\n<p><strong>P<\/strong> <strong>r<\/strong> <strong>o<\/strong><strong>f. univ. Dr. Doina BANCIU &#8211; <\/strong><em>T<\/em> <em>he digital transformation of society in the context of the EU strategy<\/em><\/p>\n<p style=\"text-align: left;\"><strong>Draw<\/strong> <strong>conclusions<\/strong> <strong>and<\/strong> <strong>conclusions<\/strong><br><br> Photo gallery<strong><br><br>Prof. univ. dr. eng. Adrian BADEA &#8211; President of AOSR<br><img loading=\"lazy\" decoding=\"async\" class=\"wp-image-20763 size-large aligncenter\" src=\"https:\/\/www.aosr.ro\/wp-content\/uploads\/2022\/04\/adrian-badea-9-1024x609.jpg\" alt=\"\" width=\"696\" height=\"414\" srcset=\"https:\/\/www.aosr.ro\/wp-content\/uploads\/2022\/04\/adrian-badea-9-1024x609.jpg 1024w, https:\/\/www.aosr.ro\/wp-content\/uploads\/2022\/04\/adrian-badea-9-300x178.jpg 300w, https:\/\/www.aosr.ro\/wp-content\/uploads\/2022\/04\/adrian-badea-9-150x89.jpg 150w, https:\/\/www.aosr.ro\/wp-content\/uploads\/2022\/04\/adrian-badea-9-768x457.jpg 768w, https:\/\/www.aosr.ro\/wp-content\/uploads\/2022\/04\/adrian-badea-9-1536x913.jpg 1536w, https:\/\/www.aosr.ro\/wp-content\/uploads\/2022\/04\/adrian-badea-9-696x414.jpg 696w, https:\/\/www.aosr.ro\/wp-content\/uploads\/2022\/04\/adrian-badea-9-1068x635.jpg 1068w, https:\/\/www.aosr.ro\/wp-content\/uploads\/2022\/04\/adrian-badea-9.jpg 1662w\" sizes=\"auto, (max-width: 696px) 100vw, 696px\" \/><br>Prof. univ. Dr. Eng. Doina Banciu &#8211; Vice President of AOSR<br><img loading=\"lazy\" decoding=\"async\" class=\"wp-image-20766 size-large aligncenter\" src=\"https:\/\/www.aosr.ro\/wp-content\/uploads\/2022\/04\/Doina-Banciu_AOSR1-1024x813.jpg\" alt=\"\" width=\"696\" height=\"553\" srcset=\"https:\/\/www.aosr.ro\/wp-content\/uploads\/2022\/04\/Doina-Banciu_AOSR1-1024x813.jpg 1024w, https:\/\/www.aosr.ro\/wp-content\/uploads\/2022\/04\/Doina-Banciu_AOSR1-300x238.jpg 300w, https:\/\/www.aosr.ro\/wp-content\/uploads\/2022\/04\/Doina-Banciu_AOSR1-150x119.jpg 150w, https:\/\/www.aosr.ro\/wp-content\/uploads\/2022\/04\/Doina-Banciu_AOSR1-768x610.jpg 768w, https:\/\/www.aosr.ro\/wp-content\/uploads\/2022\/04\/Doina-Banciu_AOSR1-696x553.jpg 696w, https:\/\/www.aosr.ro\/wp-content\/uploads\/2022\/04\/Doina-Banciu_AOSR1-1068x848.jpg 1068w, https:\/\/www.aosr.ro\/wp-content\/uploads\/2022\/04\/Doina-Banciu_AOSR1.jpg 1147w\" sizes=\"auto, (max-width: 696px) 100vw, 696px\" \/><br>Prof. univ. dr. Nicolae D\u0102NIL\u0102 &#8211; President of the AOSR Section of Economic, Legal and Sociological Sciences<br><img loading=\"lazy\" decoding=\"async\" class=\"wp-image-20769 size-large aligncenter\" src=\"https:\/\/www.aosr.ro\/wp-content\/uploads\/2022\/04\/NicolaeDanila_AOSR-1024x606.jpg\" alt=\"\" width=\"696\" height=\"412\" srcset=\"https:\/\/www.aosr.ro\/wp-content\/uploads\/2022\/04\/NicolaeDanila_AOSR-1024x606.jpg 1024w, https:\/\/www.aosr.ro\/wp-content\/uploads\/2022\/04\/NicolaeDanila_AOSR-300x178.jpg 300w, https:\/\/www.aosr.ro\/wp-content\/uploads\/2022\/04\/NicolaeDanila_AOSR-150x89.jpg 150w, https:\/\/www.aosr.ro\/wp-content\/uploads\/2022\/04\/NicolaeDanila_AOSR-768x455.jpg 768w, https:\/\/www.aosr.ro\/wp-content\/uploads\/2022\/04\/NicolaeDanila_AOSR-1536x909.jpg 1536w, https:\/\/www.aosr.ro\/wp-content\/uploads\/2022\/04\/NicolaeDanila_AOSR-696x412.jpg 696w, https:\/\/www.aosr.ro\/wp-content\/uploads\/2022\/04\/NicolaeDanila_AOSR-1068x632.jpg 1068w, https:\/\/www.aosr.ro\/wp-content\/uploads\/2022\/04\/NicolaeDanila_AOSR.jpg 1554w\" sizes=\"auto, (max-width: 696px) 100vw, 696px\" \/><br>Acad. Florin Gheorghe FILIP &#8211; Romanian Academy<br><img loading=\"lazy\" decoding=\"async\" class=\"wp-image-20772 size-large aligncenter\" src=\"https:\/\/www.aosr.ro\/wp-content\/uploads\/2022\/04\/Florin-Filip-1-1024x625.jpg\" alt=\"\" width=\"696\" height=\"425\" srcset=\"https:\/\/www.aosr.ro\/wp-content\/uploads\/2022\/04\/Florin-Filip-1-1024x625.jpg 1024w, https:\/\/www.aosr.ro\/wp-content\/uploads\/2022\/04\/Florin-Filip-1-300x183.jpg 300w, https:\/\/www.aosr.ro\/wp-content\/uploads\/2022\/04\/Florin-Filip-1-150x92.jpg 150w, https:\/\/www.aosr.ro\/wp-content\/uploads\/2022\/04\/Florin-Filip-1-768x469.jpg 768w, https:\/\/www.aosr.ro\/wp-content\/uploads\/2022\/04\/Florin-Filip-1-1536x938.jpg 1536w, https:\/\/www.aosr.ro\/wp-content\/uploads\/2022\/04\/Florin-Filip-1-696x425.jpg 696w, https:\/\/www.aosr.ro\/wp-content\/uploads\/2022\/04\/Florin-Filip-1-1068x652.jpg 1068w, https:\/\/www.aosr.ro\/wp-content\/uploads\/2022\/04\/Florin-Filip-1.jpg 1662w\" sizes=\"auto, (max-width: 696px) 100vw, 696px\" \/><br>Drago\u0219-Cristian VLAD &#8211; President of the Romanian Digitization Authority<br><img loading=\"lazy\" decoding=\"async\" class=\"wp-image-20775 size-large aligncenter\" src=\"https:\/\/www.aosr.ro\/wp-content\/uploads\/2022\/04\/DragosCristianVlad_AOSR-1024x858.jpg\" alt=\"\" width=\"696\" height=\"583\" srcset=\"https:\/\/www.aosr.ro\/wp-content\/uploads\/2022\/04\/DragosCristianVlad_AOSR-1024x858.jpg 1024w, https:\/\/www.aosr.ro\/wp-content\/uploads\/2022\/04\/DragosCristianVlad_AOSR-300x251.jpg 300w, https:\/\/www.aosr.ro\/wp-content\/uploads\/2022\/04\/DragosCristianVlad_AOSR-150x126.jpg 150w, https:\/\/www.aosr.ro\/wp-content\/uploads\/2022\/04\/DragosCristianVlad_AOSR-768x643.jpg 768w, https:\/\/www.aosr.ro\/wp-content\/uploads\/2022\/04\/DragosCristianVlad_AOSR-696x583.jpg 696w, https:\/\/www.aosr.ro\/wp-content\/uploads\/2022\/04\/DragosCristianVlad_AOSR-1068x894.jpg 1068w, https:\/\/www.aosr.ro\/wp-content\/uploads\/2022\/04\/DragosCristianVlad_AOSR.jpg 1095w\" sizes=\"auto, (max-width: 696px) 100vw, 696px\" \/><br>Prof. univ. dr. Dumitru BOR\u0162UN &#8211; National School of Political and Administrative Studies &#8211; SNSPA<br><img loading=\"lazy\" decoding=\"async\" class=\"wp-image-20778 size-large aligncenter\" src=\"https:\/\/www.aosr.ro\/wp-content\/uploads\/2022\/04\/dumitru-bortun-3-1024x611.jpg\" alt=\"\" width=\"696\" height=\"415\" srcset=\"https:\/\/www.aosr.ro\/wp-content\/uploads\/2022\/04\/dumitru-bortun-3-1024x611.jpg 1024w, https:\/\/www.aosr.ro\/wp-content\/uploads\/2022\/04\/dumitru-bortun-3-300x179.jpg 300w, https:\/\/www.aosr.ro\/wp-content\/uploads\/2022\/04\/dumitru-bortun-3-150x90.jpg 150w, https:\/\/www.aosr.ro\/wp-content\/uploads\/2022\/04\/dumitru-bortun-3-768x459.jpg 768w, https:\/\/www.aosr.ro\/wp-content\/uploads\/2022\/04\/dumitru-bortun-3-1536x917.jpg 1536w, https:\/\/www.aosr.ro\/wp-content\/uploads\/2022\/04\/dumitru-bortun-3-696x416.jpg 696w, https:\/\/www.aosr.ro\/wp-content\/uploads\/2022\/04\/dumitru-bortun-3-1068x638.jpg 1068w, https:\/\/www.aosr.ro\/wp-content\/uploads\/2022\/04\/dumitru-bortun-3.jpg 1648w\" sizes=\"auto, (max-width: 696px) 100vw, 696px\" \/><br>Prof. univ. Dr. Agnes ERICH &#8211; President of the National Library Commission<br><img loading=\"lazy\" decoding=\"async\" class=\"wp-image-20781 size-large aligncenter\" src=\"https:\/\/www.aosr.ro\/wp-content\/uploads\/2022\/04\/Erich-Agnes-1024x540.jpg\" alt=\"\" width=\"696\" height=\"367\" srcset=\"https:\/\/www.aosr.ro\/wp-content\/uploads\/2022\/04\/Erich-Agnes-1024x540.jpg 1024w, https:\/\/www.aosr.ro\/wp-content\/uploads\/2022\/04\/Erich-Agnes-300x158.jpg 300w, https:\/\/www.aosr.ro\/wp-content\/uploads\/2022\/04\/Erich-Agnes-150x79.jpg 150w, https:\/\/www.aosr.ro\/wp-content\/uploads\/2022\/04\/Erich-Agnes-768x405.jpg 768w, https:\/\/www.aosr.ro\/wp-content\/uploads\/2022\/04\/Erich-Agnes-1536x809.jpg 1536w, https:\/\/www.aosr.ro\/wp-content\/uploads\/2022\/04\/Erich-Agnes-696x367.jpg 696w, https:\/\/www.aosr.ro\/wp-content\/uploads\/2022\/04\/Erich-Agnes-1068x563.jpg 1068w, https:\/\/www.aosr.ro\/wp-content\/uploads\/2022\/04\/Erich-Agnes.jpg 1651w\" sizes=\"auto, (max-width: 696px) 100vw, 696px\" \/><br>Drago\u015f Neagu &#8211; President of the National Association of Librarians and Public Libraries in Romania &#8211; ANBPR<br><img loading=\"lazy\" decoding=\"async\" class=\"wp-image-20784 size-large aligncenter\" src=\"https:\/\/www.aosr.ro\/wp-content\/uploads\/2022\/04\/dragos-neagu-1024x811.jpg\" alt=\"\" width=\"696\" height=\"551\" srcset=\"https:\/\/www.aosr.ro\/wp-content\/uploads\/2022\/04\/dragos-neagu-1024x811.jpg 1024w, https:\/\/www.aosr.ro\/wp-content\/uploads\/2022\/04\/dragos-neagu-300x238.jpg 300w, https:\/\/www.aosr.ro\/wp-content\/uploads\/2022\/04\/dragos-neagu-150x119.jpg 150w, https:\/\/www.aosr.ro\/wp-content\/uploads\/2022\/04\/dragos-neagu-768x608.jpg 768w, https:\/\/www.aosr.ro\/wp-content\/uploads\/2022\/04\/dragos-neagu-696x551.jpg 696w, https:\/\/www.aosr.ro\/wp-content\/uploads\/2022\/04\/dragos-neagu-1068x846.jpg 1068w, https:\/\/www.aosr.ro\/wp-content\/uploads\/2022\/04\/dragos-neagu.jpg 1239w\" sizes=\"auto, (max-width: 696px) 100vw, 696px\" \/><br>Prof. univ. dr. George GRIGORI\u021a\u0102 &#8211; University of Bucharest, Faculty of Orthodox Theology<br><img loading=\"lazy\" decoding=\"async\" class=\"wp-image-20787 size-large aligncenter\" src=\"https:\/\/www.aosr.ro\/wp-content\/uploads\/2022\/04\/George-Grigorita-1-1024x630.jpg\" alt=\"\" width=\"696\" height=\"428\" srcset=\"https:\/\/www.aosr.ro\/wp-content\/uploads\/2022\/04\/George-Grigorita-1-1024x630.jpg 1024w, https:\/\/www.aosr.ro\/wp-content\/uploads\/2022\/04\/George-Grigorita-1-300x185.jpg 300w, https:\/\/www.aosr.ro\/wp-content\/uploads\/2022\/04\/George-Grigorita-1-150x92.jpg 150w, https:\/\/www.aosr.ro\/wp-content\/uploads\/2022\/04\/George-Grigorita-1-768x472.jpg 768w, https:\/\/www.aosr.ro\/wp-content\/uploads\/2022\/04\/George-Grigorita-1-1536x945.jpg 1536w, https:\/\/www.aosr.ro\/wp-content\/uploads\/2022\/04\/George-Grigorita-1-696x428.jpg 696w, https:\/\/www.aosr.ro\/wp-content\/uploads\/2022\/04\/George-Grigorita-1-1068x657.jpg 1068w, https:\/\/www.aosr.ro\/wp-content\/uploads\/2022\/04\/George-Grigorita-1.jpg 1652w\" sizes=\"auto, (max-width: 696px) 100vw, 696px\" \/><br>Prof. univ. dr. Ion POPA &#8211; Dean of the Faculty of Management &#8211; ASE<br><img loading=\"lazy\" decoding=\"async\" class=\"wp-image-20790 size-large aligncenter\" src=\"https:\/\/www.aosr.ro\/wp-content\/uploads\/2022\/04\/popa-ion-1-1024x613.jpg\" alt=\"\" width=\"696\" height=\"417\" srcset=\"https:\/\/www.aosr.ro\/wp-content\/uploads\/2022\/04\/popa-ion-1-1024x613.jpg 1024w, https:\/\/www.aosr.ro\/wp-content\/uploads\/2022\/04\/popa-ion-1-300x180.jpg 300w, https:\/\/www.aosr.ro\/wp-content\/uploads\/2022\/04\/popa-ion-1-150x90.jpg 150w, https:\/\/www.aosr.ro\/wp-content\/uploads\/2022\/04\/popa-ion-1-768x460.jpg 768w, https:\/\/www.aosr.ro\/wp-content\/uploads\/2022\/04\/popa-ion-1-1536x920.jpg 1536w, https:\/\/www.aosr.ro\/wp-content\/uploads\/2022\/04\/popa-ion-1-696x417.jpg 696w, https:\/\/www.aosr.ro\/wp-content\/uploads\/2022\/04\/popa-ion-1-1068x640.jpg 1068w, https:\/\/www.aosr.ro\/wp-content\/uploads\/2022\/04\/popa-ion-1.jpg 1655w\" sizes=\"auto, (max-width: 696px) 100vw, 696px\" \/><br>Prof. univ. dr. Verginia VEDINA\u0218 &#8211; University of Bucharest<br><img loading=\"lazy\" decoding=\"async\" class=\"wp-image-20793 size-large aligncenter\" src=\"https:\/\/www.aosr.ro\/wp-content\/uploads\/2022\/04\/Verginia-Verdinas-1-1024x544.jpg\" alt=\"\" width=\"696\" height=\"370\" srcset=\"https:\/\/www.aosr.ro\/wp-content\/uploads\/2022\/04\/Verginia-Verdinas-1-1024x544.jpg 1024w, https:\/\/www.aosr.ro\/wp-content\/uploads\/2022\/04\/Verginia-Verdinas-1-300x159.jpg 300w, https:\/\/www.aosr.ro\/wp-content\/uploads\/2022\/04\/Verginia-Verdinas-1-150x80.jpg 150w, https:\/\/www.aosr.ro\/wp-content\/uploads\/2022\/04\/Verginia-Verdinas-1-768x408.jpg 768w, https:\/\/www.aosr.ro\/wp-content\/uploads\/2022\/04\/Verginia-Verdinas-1-1536x816.jpg 1536w, https:\/\/www.aosr.ro\/wp-content\/uploads\/2022\/04\/Verginia-Verdinas-1-696x370.jpg 696w, https:\/\/www.aosr.ro\/wp-content\/uploads\/2022\/04\/Verginia-Verdinas-1-1068x568.jpg 1068w, https:\/\/www.aosr.ro\/wp-content\/uploads\/2022\/04\/Verginia-Verdinas-1.jpg 1912w\" sizes=\"auto, (max-width: 696px) 100vw, 696px\" \/><br><img loading=\"lazy\" decoding=\"async\" class=\"aligncenter wp-image-20796 \" src=\"https:\/\/www.aosr.ro\/wp-content\/uploads\/2022\/04\/audienta-3.jpg\" alt=\"\" width=\"684\" height=\"386\" srcset=\"https:\/\/www.aosr.ro\/wp-content\/uploads\/2022\/04\/audienta-3.jpg 960w, https:\/\/www.aosr.ro\/wp-content\/uploads\/2022\/04\/audienta-3-300x169.jpg 300w, https:\/\/www.aosr.ro\/wp-content\/uploads\/2022\/04\/audienta-3-150x85.jpg 150w, https:\/\/www.aosr.ro\/wp-content\/uploads\/2022\/04\/audienta-3-768x434.jpg 768w, https:\/\/www.aosr.ro\/wp-content\/uploads\/2022\/04\/audienta-3-696x393.jpg 696w\" sizes=\"auto, (max-width: 684px) 100vw, 684px\" \/><br><img loading=\"lazy\" decoding=\"async\" class=\"wp-image-20799 size-large aligncenter\" src=\"https:\/\/www.aosr.ro\/wp-content\/uploads\/2022\/04\/Audienta-1024x593.jpg\" alt=\"\" width=\"696\" height=\"403\" srcset=\"https:\/\/www.aosr.ro\/wp-content\/uploads\/2022\/04\/Audienta-1024x593.jpg 1024w, https:\/\/www.aosr.ro\/wp-content\/uploads\/2022\/04\/Audienta-300x174.jpg 300w, https:\/\/www.aosr.ro\/wp-content\/uploads\/2022\/04\/Audienta-150x87.jpg 150w, https:\/\/www.aosr.ro\/wp-content\/uploads\/2022\/04\/Audienta-768x445.jpg 768w, https:\/\/www.aosr.ro\/wp-content\/uploads\/2022\/04\/Audienta-696x403.jpg 696w, https:\/\/www.aosr.ro\/wp-content\/uploads\/2022\/04\/Audienta-1068x619.jpg 1068w, https:\/\/www.aosr.ro\/wp-content\/uploads\/2022\/04\/Audienta.jpg 1479w\" sizes=\"auto, (max-width: 696px) 100vw, 696px\" \/><br><img loading=\"lazy\" decoding=\"async\" class=\"wp-image-20106 size-large aligncenter\" src=\"https:\/\/www.aosr.ro\/wp-content\/uploads\/2022\/04\/2022-04-28-AFIS-conferinta-digitizarea-RO_Page_1-724x1024.jpg\" alt=\"\" width=\"696\" height=\"984\" srcset=\"https:\/\/www.aosr.ro\/wp-content\/uploads\/2022\/04\/2022-04-28-AFIS-conferinta-digitizarea-RO_Page_1-724x1024.jpg 724w, https:\/\/www.aosr.ro\/wp-content\/uploads\/2022\/04\/2022-04-28-AFIS-conferinta-digitizarea-RO_Page_1-212x300.jpg 212w, https:\/\/www.aosr.ro\/wp-content\/uploads\/2022\/04\/2022-04-28-AFIS-conferinta-digitizarea-RO_Page_1-106x150.jpg 106w, https:\/\/www.aosr.ro\/wp-content\/uploads\/2022\/04\/2022-04-28-AFIS-conferinta-digitizarea-RO_Page_1-768x1086.jpg 768w, https:\/\/www.aosr.ro\/wp-content\/uploads\/2022\/04\/2022-04-28-AFIS-conferinta-digitizarea-RO_Page_1-1086x1536.jpg 1086w, https:\/\/www.aosr.ro\/wp-content\/uploads\/2022\/04\/2022-04-28-AFIS-conferinta-digitizarea-RO_Page_1-1448x2048.jpg 1448w, https:\/\/www.aosr.ro\/wp-content\/uploads\/2022\/04\/2022-04-28-AFIS-conferinta-digitizarea-RO_Page_1-150x212.jpg 150w, https:\/\/www.aosr.ro\/wp-content\/uploads\/2022\/04\/2022-04-28-AFIS-conferinta-digitizarea-RO_Page_1-300x424.jpg 300w, https:\/\/www.aosr.ro\/wp-content\/uploads\/2022\/04\/2022-04-28-AFIS-conferinta-digitizarea-RO_Page_1-696x984.jpg 696w, https:\/\/www.aosr.ro\/wp-content\/uploads\/2022\/04\/2022-04-28-AFIS-conferinta-digitizarea-RO_Page_1-1068x1510.jpg 1068w, https:\/\/www.aosr.ro\/wp-content\/uploads\/2022\/04\/2022-04-28-AFIS-conferinta-digitizarea-RO_Page_1.jpg 1654w\" sizes=\"auto, (max-width: 696px) 100vw, 696px\" \/><\/strong><\/p>\n","protected":false},"excerpt":{"rendered":"<p>ROMANIA&#8217;S ACADEMY OF SCIENTISTS &#8211; Department of Economic, Legal and Sociological Sciences &#8211; and the &#8220;CONSTANTIN ANGELESCU&#8221; Institute for Advanced Interdisciplinary Research (ICAI) are organizing an online conference on &#8220; Digital Transformation of Public Institutions&#8221;. Thursday, April 28, 2022, 11:00 a.m. Keynote speaker: Drago\u0219-Cristian VLAD, President of the Romanian Digitization Authority Moderator: Prof. univ. Dr. [&hellip;]<\/p>\n","protected":false},"author":1,"featured_media":20099,"comment_status":"closed","ping_status":"closed","sticky":false,"template":"","format":"standard","meta":{"inline_featured_image":false,"footnotes":""},"categories":[574],"tags":[505,508,509,510,742,743,745,240],"class_list":{"0":"post-20762","1":"post","2":"type-post","3":"status-publish","4":"format-standard","5":"has-post-thumbnail","7":"category-event","8":"tag-icai","9":"tag-dragos-cristian-vlad-adr","10":"tag-florin-filip","11":"tag-aosracademia-romana","12":"tag-constantin-angelescu-interdisciplinary-advanced-research-institute","13":"tag-digital-transformation-of-public-institutions","14":"tag-acamedia-scientists","15":"tag-doina-banciu"},"yoast_head":"<!-- This site is optimized with the Yoast SEO plugin v27.0 - https:\/\/yoast.com\/product\/yoast-seo-wordpress\/ -->\n<title>Conference &quot;Digital Transformation of Public Institutions&quot; - The Academy of Romanian Scientists<\/title>\n<meta name=\"robots\" content=\"index, follow, max-snippet:-1, max-image-preview:large, max-video-preview:-1\" \/>\n<link rel=\"canonical\" href=\"https:\/\/www.aosr.ro\/en\/conference-digital-transformation-of-public-institutions\/\" \/>\n<meta property=\"og:locale\" content=\"en_US\" \/>\n<meta property=\"og:type\" content=\"article\" \/>\n<meta property=\"og:title\" content=\"Conference &quot;Digital Transformation of Public Institutions&quot; - The Academy of Romanian Scientists\" \/>\n<meta property=\"og:description\" content=\"ROMANIA&#8217;S ACADEMY OF SCIENTISTS &#8211; Department of Economic, Legal and Sociological Sciences &#8211; and the &#8220;CONSTANTIN ANGELESCU&#8221; Institute for Advanced Interdisciplinary Research (ICAI) are organizing an online conference on &#8220; Digital Transformation of Public Institutions&#8221;. Thursday, April 28, 2022, 11:00 a.m. Keynote speaker: Drago\u0219-Cristian VLAD, President of the Romanian Digitization Authority Moderator: Prof. univ. Dr. [&hellip;]\" \/>\n<meta property=\"og:url\" content=\"https:\/\/www.aosr.ro\/en\/conference-digital-transformation-of-public-institutions\/\" \/>\n<meta property=\"og:site_name\" content=\"The Academy of Romanian Scientists\" \/>\n<meta property=\"article:author\" content=\"http:\/\/www.facebook.com\/aosromania\" \/>\n<meta property=\"article:published_time\" content=\"2022-05-17T14:57:02+00:00\" \/>\n<meta property=\"article:modified_time\" content=\"2022-05-17T14:57:05+00:00\" \/>\n<meta property=\"og:image\" content=\"https:\/\/www.aosr.ro\/wp-content\/uploads\/2022\/04\/thumb-Conf.-Transformarea-digitala-in-institutiile-publice-28.04.2022.jpg\" \/>\n\t<meta property=\"og:image:width\" content=\"912\" \/>\n\t<meta property=\"og:image:height\" content=\"513\" \/>\n\t<meta property=\"og:image:type\" content=\"image\/jpeg\" \/>\n<meta name=\"author\" content=\"aosradmin\" \/>\n<meta name=\"twitter:card\" content=\"summary_large_image\" \/>\n<meta name=\"twitter:label1\" content=\"Written by\" \/>\n\t<meta name=\"twitter:data1\" content=\"aosradmin\" \/>\n\t<meta name=\"twitter:label2\" content=\"Est. reading time\" \/>\n\t<meta name=\"twitter:data2\" content=\"2 minutes\" \/>\n<script type=\"application\/ld+json\" class=\"yoast-schema-graph\">{\"@context\":\"https:\/\/schema.org\",\"@graph\":[{\"@type\":\"Article\",\"@id\":\"https:\/\/www.aosr.ro\/en\/conference-digital-transformation-of-public-institutions\/#article\",\"isPartOf\":{\"@id\":\"https:\/\/www.aosr.ro\/en\/conference-digital-transformation-of-public-institutions\/\"},\"author\":{\"name\":\"aosradmin\",\"@id\":\"\/#\/schema\/person\/11854d41ef0fc115a9ccb416cb81d117\"},\"headline\":\"Conference &#8220;Digital Transformation of Public Institutions&#8221;\",\"datePublished\":\"2022-05-17T14:57:02+00:00\",\"dateModified\":\"2022-05-17T14:57:05+00:00\",\"mainEntityOfPage\":{\"@id\":\"https:\/\/www.aosr.ro\/en\/conference-digital-transformation-of-public-institutions\/\"},\"wordCount\":432,\"image\":{\"@id\":\"https:\/\/www.aosr.ro\/en\/conference-digital-transformation-of-public-institutions\/#primaryimage\"},\"thumbnailUrl\":\"https:\/\/www.aosr.ro\/wp-content\/uploads\/2022\/04\/thumb-Conf.-Transformarea-digitala-in-institutiile-publice-28.04.2022.jpg\",\"keywords\":[\"icai\",\"dragos cristian vlad adr\",\"florin filip\",\"aosracademia romana\",\"\\\"CONSTANTIN ANGELESCU\\\" Interdisciplinary Advanced Research Institute\",\"Digital transformation of public institutions\",\"acamedia scientists\",\"doina banciu\"],\"articleSection\":[\"Events\"],\"inLanguage\":\"en-US\"},{\"@type\":\"WebPage\",\"@id\":\"https:\/\/www.aosr.ro\/en\/conference-digital-transformation-of-public-institutions\/\",\"url\":\"https:\/\/www.aosr.ro\/en\/conference-digital-transformation-of-public-institutions\/\",\"name\":\"Conference \\\"Digital Transformation of Public Institutions\\\" - The Academy of Romanian Scientists\",\"isPartOf\":{\"@id\":\"\/#website\"},\"primaryImageOfPage\":{\"@id\":\"https:\/\/www.aosr.ro\/en\/conference-digital-transformation-of-public-institutions\/#primaryimage\"},\"image\":{\"@id\":\"https:\/\/www.aosr.ro\/en\/conference-digital-transformation-of-public-institutions\/#primaryimage\"},\"thumbnailUrl\":\"https:\/\/www.aosr.ro\/wp-content\/uploads\/2022\/04\/thumb-Conf.-Transformarea-digitala-in-institutiile-publice-28.04.2022.jpg\",\"datePublished\":\"2022-05-17T14:57:02+00:00\",\"dateModified\":\"2022-05-17T14:57:05+00:00\",\"author\":{\"@id\":\"\/#\/schema\/person\/11854d41ef0fc115a9ccb416cb81d117\"},\"breadcrumb\":{\"@id\":\"https:\/\/www.aosr.ro\/en\/conference-digital-transformation-of-public-institutions\/#breadcrumb\"},\"inLanguage\":\"en-US\",\"potentialAction\":[{\"@type\":\"ReadAction\",\"target\":[\"https:\/\/www.aosr.ro\/en\/conference-digital-transformation-of-public-institutions\/\"]}]},{\"@type\":\"ImageObject\",\"inLanguage\":\"en-US\",\"@id\":\"https:\/\/www.aosr.ro\/en\/conference-digital-transformation-of-public-institutions\/#primaryimage\",\"url\":\"https:\/\/www.aosr.ro\/wp-content\/uploads\/2022\/04\/thumb-Conf.-Transformarea-digitala-in-institutiile-publice-28.04.2022.jpg\",\"contentUrl\":\"https:\/\/www.aosr.ro\/wp-content\/uploads\/2022\/04\/thumb-Conf.-Transformarea-digitala-in-institutiile-publice-28.04.2022.jpg\",\"width\":912,\"height\":513},{\"@type\":\"BreadcrumbList\",\"@id\":\"https:\/\/www.aosr.ro\/en\/conference-digital-transformation-of-public-institutions\/#breadcrumb\",\"itemListElement\":[{\"@type\":\"ListItem\",\"position\":1,\"name\":\"Home\",\"item\":\"https:\/\/www.aosr.ro\/en\/\"},{\"@type\":\"ListItem\",\"position\":2,\"name\":\"Conference &#8220;Digital Transformation of Public Institutions&#8221;\"}]},{\"@type\":\"WebSite\",\"@id\":\"\/#website\",\"url\":\"\/\",\"name\":\"The Academy of Romanian Scientists\",\"description\":\"The Academy of Romanian Scientists | Official website of AOSR\",\"potentialAction\":[{\"@type\":\"SearchAction\",\"target\":{\"@type\":\"EntryPoint\",\"urlTemplate\":\"\/?s={search_term_string}\"},\"query-input\":{\"@type\":\"PropertyValueSpecification\",\"valueRequired\":true,\"valueName\":\"search_term_string\"}}],\"inLanguage\":\"en-US\"},{\"@type\":\"Person\",\"@id\":\"\/#\/schema\/person\/11854d41ef0fc115a9ccb416cb81d117\",\"name\":\"aosradmin\",\"description\":\"Academia Oamenilor de \u0218tiin\u021b\u0103 din Rom\u00e2nia este continuatorul \u0219i unicul legatar al Academiei de \u0218tiinte din Rom\u00e2nia (1935 \u2013 1948) \u0219i al Asocia\u021biei Oamenilor de \u0218tiin\u021b\u0103 din Rom\u00e2nia \u00eenfiin\u021bat\u0103 prin HCM nr. 1012\/30 mai 1956, care \u00een 1996 \u0219i-a schimbat titulatura \u00een Academia Oamenilor de \u0218tiin\u021b\u0103 din Rom\u00e2nia. \u00cen anul 2007 a fost adoptat\u0103 Legea nr. 31-15 ianuarie 2007 privind reorganizarea \u0219i func\u0163ionarea AOSR. Printre membrii de onoare ai ASR s-au num\u0103rat urm\u0103torii laurea\u021bi ai premiului Nobel (conform Buletinului nr 11 din 1943 al ASR): Louis de Broglie, Jean Perrin (fizicieni francezi), Max Born, Werner-Karl Heisenberg (fizicieni germani), Paul Sabatier (chimist francez), Hans Fischer , Friedrich Bergius (chimisti germani), Paul Karrer (chimist elve\u0163ian) \u015fi George Emil Palade (medic rom\u00e2n ), membru al AOSR. Conform evalu\u0103rii institu\u021bionale Scimago\/ ELSEVIER , bazat\u0103 pe vizibilitatea \u0219tiin\u021bific\u0103 interna\u021bional\u0103 a membrilor s\u0103i, AOSR ocup\u0103 locul 22\/Romania \u0219i 775\/lume \u00een clasamentul institu\u021biilor de cercetare \u0219i \u00eenv\u0103\u021b\u0103m\u00e2nt superior.\",\"sameAs\":[\"https:\/\/www.aosr.ro\",\"http:\/\/www.facebook.com\/aosromania\"],\"url\":\"https:\/\/www.aosr.ro\/en\/author\/aosradmin\/\"}]}<\/script>\n<!-- \/ Yoast SEO plugin. -->","yoast_head_json":{"title":"Conference \"Digital Transformation of Public Institutions\" - The Academy of Romanian Scientists","robots":{"index":"index","follow":"follow","max-snippet":"max-snippet:-1","max-image-preview":"max-image-preview:large","max-video-preview":"max-video-preview:-1"},"canonical":"https:\/\/www.aosr.ro\/en\/conference-digital-transformation-of-public-institutions\/","og_locale":"en_US","og_type":"article","og_title":"Conference \"Digital Transformation of Public Institutions\" - The Academy of Romanian Scientists","og_description":"ROMANIA&#8217;S ACADEMY OF SCIENTISTS &#8211; Department of Economic, Legal and Sociological Sciences &#8211; and the &#8220;CONSTANTIN ANGELESCU&#8221; Institute for Advanced Interdisciplinary Research (ICAI) are organizing an online conference on &#8220; Digital Transformation of Public Institutions&#8221;. Thursday, April 28, 2022, 11:00 a.m. Keynote speaker: Drago\u0219-Cristian VLAD, President of the Romanian Digitization Authority Moderator: Prof. univ. Dr. [&hellip;]","og_url":"https:\/\/www.aosr.ro\/en\/conference-digital-transformation-of-public-institutions\/","og_site_name":"The Academy of Romanian Scientists","article_author":"http:\/\/www.facebook.com\/aosromania","article_published_time":"2022-05-17T14:57:02+00:00","article_modified_time":"2022-05-17T14:57:05+00:00","og_image":[{"width":912,"height":513,"url":"https:\/\/www.aosr.ro\/wp-content\/uploads\/2022\/04\/thumb-Conf.-Transformarea-digitala-in-institutiile-publice-28.04.2022.jpg","type":"image\/jpeg"}],"author":"aosradmin","twitter_card":"summary_large_image","twitter_misc":{"Written by":"aosradmin","Est. reading time":"2 minutes"},"schema":{"@context":"https:\/\/schema.org","@graph":[{"@type":"Article","@id":"https:\/\/www.aosr.ro\/en\/conference-digital-transformation-of-public-institutions\/#article","isPartOf":{"@id":"https:\/\/www.aosr.ro\/en\/conference-digital-transformation-of-public-institutions\/"},"author":{"name":"aosradmin","@id":"\/#\/schema\/person\/11854d41ef0fc115a9ccb416cb81d117"},"headline":"Conference &#8220;Digital Transformation of Public Institutions&#8221;","datePublished":"2022-05-17T14:57:02+00:00","dateModified":"2022-05-17T14:57:05+00:00","mainEntityOfPage":{"@id":"https:\/\/www.aosr.ro\/en\/conference-digital-transformation-of-public-institutions\/"},"wordCount":432,"image":{"@id":"https:\/\/www.aosr.ro\/en\/conference-digital-transformation-of-public-institutions\/#primaryimage"},"thumbnailUrl":"https:\/\/www.aosr.ro\/wp-content\/uploads\/2022\/04\/thumb-Conf.-Transformarea-digitala-in-institutiile-publice-28.04.2022.jpg","keywords":["icai","dragos cristian vlad adr","florin filip","aosracademia romana","\"CONSTANTIN ANGELESCU\" Interdisciplinary Advanced Research Institute","Digital transformation of public institutions","acamedia scientists","doina banciu"],"articleSection":["Events"],"inLanguage":"en-US"},{"@type":"WebPage","@id":"https:\/\/www.aosr.ro\/en\/conference-digital-transformation-of-public-institutions\/","url":"https:\/\/www.aosr.ro\/en\/conference-digital-transformation-of-public-institutions\/","name":"Conference \"Digital Transformation of Public Institutions\" - The Academy of Romanian Scientists","isPartOf":{"@id":"\/#website"},"primaryImageOfPage":{"@id":"https:\/\/www.aosr.ro\/en\/conference-digital-transformation-of-public-institutions\/#primaryimage"},"image":{"@id":"https:\/\/www.aosr.ro\/en\/conference-digital-transformation-of-public-institutions\/#primaryimage"},"thumbnailUrl":"https:\/\/www.aosr.ro\/wp-content\/uploads\/2022\/04\/thumb-Conf.-Transformarea-digitala-in-institutiile-publice-28.04.2022.jpg","datePublished":"2022-05-17T14:57:02+00:00","dateModified":"2022-05-17T14:57:05+00:00","author":{"@id":"\/#\/schema\/person\/11854d41ef0fc115a9ccb416cb81d117"},"breadcrumb":{"@id":"https:\/\/www.aosr.ro\/en\/conference-digital-transformation-of-public-institutions\/#breadcrumb"},"inLanguage":"en-US","potentialAction":[{"@type":"ReadAction","target":["https:\/\/www.aosr.ro\/en\/conference-digital-transformation-of-public-institutions\/"]}]},{"@type":"ImageObject","inLanguage":"en-US","@id":"https:\/\/www.aosr.ro\/en\/conference-digital-transformation-of-public-institutions\/#primaryimage","url":"https:\/\/www.aosr.ro\/wp-content\/uploads\/2022\/04\/thumb-Conf.-Transformarea-digitala-in-institutiile-publice-28.04.2022.jpg","contentUrl":"https:\/\/www.aosr.ro\/wp-content\/uploads\/2022\/04\/thumb-Conf.-Transformarea-digitala-in-institutiile-publice-28.04.2022.jpg","width":912,"height":513},{"@type":"BreadcrumbList","@id":"https:\/\/www.aosr.ro\/en\/conference-digital-transformation-of-public-institutions\/#breadcrumb","itemListElement":[{"@type":"ListItem","position":1,"name":"Home","item":"https:\/\/www.aosr.ro\/en\/"},{"@type":"ListItem","position":2,"name":"Conference &#8220;Digital Transformation of Public Institutions&#8221;"}]},{"@type":"WebSite","@id":"\/#website","url":"\/","name":"The Academy of Romanian Scientists","description":"The Academy of Romanian Scientists | Official website of AOSR","potentialAction":[{"@type":"SearchAction","target":{"@type":"EntryPoint","urlTemplate":"\/?s={search_term_string}"},"query-input":{"@type":"PropertyValueSpecification","valueRequired":true,"valueName":"search_term_string"}}],"inLanguage":"en-US"},{"@type":"Person","@id":"\/#\/schema\/person\/11854d41ef0fc115a9ccb416cb81d117","name":"aosradmin","description":"Academia Oamenilor de \u0218tiin\u021b\u0103 din Rom\u00e2nia este continuatorul \u0219i unicul legatar al Academiei de \u0218tiinte din Rom\u00e2nia (1935 \u2013 1948) \u0219i al Asocia\u021biei Oamenilor de \u0218tiin\u021b\u0103 din Rom\u00e2nia \u00eenfiin\u021bat\u0103 prin HCM nr. 1012\/30 mai 1956, care \u00een 1996 \u0219i-a schimbat titulatura \u00een Academia Oamenilor de \u0218tiin\u021b\u0103 din Rom\u00e2nia. \u00cen anul 2007 a fost adoptat\u0103 Legea nr. 31-15 ianuarie 2007 privind reorganizarea \u0219i func\u0163ionarea AOSR. Printre membrii de onoare ai ASR s-au num\u0103rat urm\u0103torii laurea\u021bi ai premiului Nobel (conform Buletinului nr 11 din 1943 al ASR): Louis de Broglie, Jean Perrin (fizicieni francezi), Max Born, Werner-Karl Heisenberg (fizicieni germani), Paul Sabatier (chimist francez), Hans Fischer , Friedrich Bergius (chimisti germani), Paul Karrer (chimist elve\u0163ian) \u015fi George Emil Palade (medic rom\u00e2n ), membru al AOSR. Conform evalu\u0103rii institu\u021bionale Scimago\/ ELSEVIER , bazat\u0103 pe vizibilitatea \u0219tiin\u021bific\u0103 interna\u021bional\u0103 a membrilor s\u0103i, AOSR ocup\u0103 locul 22\/Romania \u0219i 775\/lume \u00een clasamentul institu\u021biilor de cercetare \u0219i \u00eenv\u0103\u021b\u0103m\u00e2nt superior.","sameAs":["https:\/\/www.aosr.ro","http:\/\/www.facebook.com\/aosromania"],"url":"https:\/\/www.aosr.ro\/en\/author\/aosradmin\/"}]}},"_links":{"self":[{"href":"https:\/\/www.aosr.ro\/en\/wp-json\/wp\/v2\/posts\/20762","targetHints":{"allow":["GET"]}}],"collection":[{"href":"https:\/\/www.aosr.ro\/en\/wp-json\/wp\/v2\/posts"}],"about":[{"href":"https:\/\/www.aosr.ro\/en\/wp-json\/wp\/v2\/types\/post"}],"author":[{"embeddable":true,"href":"https:\/\/www.aosr.ro\/en\/wp-json\/wp\/v2\/users\/1"}],"replies":[{"embeddable":true,"href":"https:\/\/www.aosr.ro\/en\/wp-json\/wp\/v2\/comments?post=20762"}],"version-history":[{"count":1,"href":"https:\/\/www.aosr.ro\/en\/wp-json\/wp\/v2\/posts\/20762\/revisions"}],"predecessor-version":[{"id":20811,"href":"https:\/\/www.aosr.ro\/en\/wp-json\/wp\/v2\/posts\/20762\/revisions\/20811"}],"wp:featuredmedia":[{"embeddable":true,"href":"https:\/\/www.aosr.ro\/en\/wp-json\/wp\/v2\/media\/20099"}],"wp:attachment":[{"href":"https:\/\/www.aosr.ro\/en\/wp-json\/wp\/v2\/media?parent=20762"}],"wp:term":[{"taxonomy":"category","embeddable":true,"href":"https:\/\/www.aosr.ro\/en\/wp-json\/wp\/v2\/categories?post=20762"},{"taxonomy":"post_tag","embeddable":true,"href":"https:\/\/www.aosr.ro\/en\/wp-json\/wp\/v2\/tags?post=20762"}],"curies":[{"name":"wp","href":"https:\/\/api.w.org\/{rel}","templated":true}]}}